{"id":159373,"date":"2017-01-21T10:30:30","date_gmt":"2017-01-21T09:30:30","guid":{"rendered":"http:\/\/www.fuldaer-nachrichten.de\/?p=159373"},"modified":"2017-01-21T10:30:30","modified_gmt":"2017-01-21T09:30:30","slug":"auftaktveranstaltung-zum-life-projekt-im-ulstersaal-in-hilders-65-millionen-euro-fuer-artenerhalt-in-der-rhoen","status":"publish","type":"post","link":"https:\/\/www.fuldaernachrichten.de\/?p=159373","title":{"rendered":"Auftaktveranstaltung zum LIFE-Projekt im Ulstersaal in Hilders &#8211; 6,5 Millionen Euro f\u00fcr Artenerhalt in der Rh\u00f6n"},"content":{"rendered":"<p>Im Sommer 2016 erhielt die Rh\u00f6n von der Europ\u00e4ischen Union f\u00fcr ihre Bewerbung um ein LIFE-Projekt zur F\u00f6rderung von Umweltma\u00dfnahmen den Zuschlag. In den n\u00e4chsten sechs Jahren soll das Konzept zum Schutz des Berggr\u00fcnlands mit seinen Lebensraumtypen umgesetzt werden. Im Ulstersaal stellten die Projektverantwortlichen jetzt Ma\u00dfnahmen zur Erhaltung der historisch gewachsenen Kulturlandschaft der Rh\u00f6n vor.<\/p>\n<p>G\u00e4ste waren neben den B\u00fcrgermeistern der beteiligten Gemeinden Vertreter des Hessischen Ministeriums f\u00fcr Umwelt, Klimaschutz, Landwirtschaft und Verbraucherschutz und des Regierungspr\u00e4sidiums Kassel sowie Vertreter zahlreicher Vereine und Verb\u00e4nde. Insgesamt 6,5 Millionen Euro betr\u00e4gt die F\u00f6rdersumme, die bis 2022 zur Verf\u00fcgung steht, um Ma\u00dfnahmen zu f\u00f6rdern, die zu einer Verbesserung f\u00fcr bestimmte Vogelarten oder Lebensraumtypen beitragen sollen. 60 Prozent der F\u00f6rdersumme werden von der EU, 40 Prozent vom Land Hessen zur Verf\u00fcgung gestellt. Der Landkreis Fulda beteiligt sich als Antragsteller ebenfalls finanziell am Projekt.<\/p>\n<p>\u201eUnser Ziel ist es, die \u00f6kologische Vielfalt in der Rh\u00f6n zu erhalten und weiterzuentwickeln, ohne gegen die Menschen zu arbeiten\u201c, erkl\u00e4rte Landrat Bernd Woide. Hubert Blum, B\u00fcrgermeister von Hilders, bezeichnete das LIFE-Projekt als Kr\u00f6nung der Erfolgsgeschichte des Biosph\u00e4renreservats Rh\u00f6n. Projektleiter Jonas Thielen erl\u00e4uterte Ma\u00dfnahmen und Chancen, die einzigartige Fauna und Flora der Rh\u00f6n zu erhalten. Insbesondere Ma\u00dfnahmen zur Instandsetzung landwirtschaftlicher Fl\u00e4chen, die innerhalb des Vogelschutzgebiets Hessische Rh\u00f6n liegen, seien f\u00f6rderf\u00e4hig.<\/p>\n<p>Im Rahmen des EU-Projekts \u201eLIFE\u201c (L\u00e2\u20ac\u2122Instrument Financier pour l\u00e2\u20ac\u2122Environnement) werden die Ma\u00dfnahmen zur Verbesserung von Lebensr\u00e4umen und Vogelvorkommen im Schutzgebietsnetz \u201eNatura 2000\u201c umgesetzt. Dieses zusammenh\u00e4ngende Netz von Schutzgebieten innerhalb der EU wird seit 1992 nach den Ma\u00dfgaben der Fauna-Flora-Habitat-Richtlinie errichtet (FFH). Anders als bei den \u00fcblichen landwirtschaftlichen F\u00f6rderprogrammen bietet sich der heimischen Landwirtschaft bei der LIFE-F\u00f6rderung die Chance, konkrete eigene Bedarfe zu nennen, um eine m\u00f6glichst ma\u00dfgeschneiderte F\u00f6rderung zu bekommen. Landwirte sind aufgerufen, zu erkl\u00e4ren, was sie brauchen, um die artenreichen Gr\u00fcnlandgesellschaften zu erhalten. Gef\u00f6rdert werden k\u00f6nnen auch investive Ma\u00dfnahmen. Zum Projektgebiet z\u00e4hlen alle Fl\u00e4chen, die in einem der vielen FFH-Gebiete oder im EU-Vogelschutzgebiet Hessische Rh\u00f6n liegen.<\/p>\n<p>Ein LIFE-Projekt wurde bereits f\u00fcr die Wetterauer Hutungen abgeschlossen. Die dort gef\u00f6rderten Ma\u00dfnahmen bieten Anregungen auch f\u00fcr die Rh\u00f6n. W\u00e4hrend es dort um die F\u00f6rderung der Sch\u00e4ferei ging, soll in der Hessischen Rh\u00f6n die Gr\u00fcnlandnutzung insgesamt unterst\u00fctzt werden, sowohl durch Mahd als auch durch Beweidung mit Rindern, Schafen, Ziegen und Pferden. Natura 2000-Manager Jan Hochstein, der als Projektmitarbeiter die Ma\u00dfnahmen in der Rh\u00f6n begleiten wird, berichtete, wie in Nordrhein-Westfalen Ma\u00dfnahmen zum Schutz von Bergwiesen umgesetzt wurden.<\/p>\n","protected":false},"excerpt":{"rendered":"<div class=\"tmnf_excerpt\"><p>Im Sommer 2016 erhielt die Rh\u00f6n von der Europ\u00e4ischen Union f\u00fcr ihre Bewerbung um ein LIFE-Projekt zur F\u00f6rderung von Umweltma\u00dfnahmen den Zuschlag. In den n\u00e4chsten sechs Jahren soll das Konzept zum Schutz des Berggr\u00fcnlands mit seinen Lebensraumtypen umgesetzt werden. Im Ulstersaal stellten die Projektverantwortlichen jetzt Ma\u00dfnahmen zur Erhaltung der historisch gewachsenen Kulturlandschaft der Rh\u00f6n vor. &hellip;<\/p>\n<\/div>","protected":false},"author":1,"featured_media":0,"comment_status":"closed","ping_status":"closed","sticky":false,"template":"","format":"standard","meta":{"footnotes":""},"categories":[1],"tags":[],"class_list":["post-159373","post","type-post","status-publish","format-standard","hentry","category-startseite"],"_links":{"self":[{"href":"https:\/\/www.fuldaernachrichten.de\/index.php?rest_route=\/wp\/v2\/posts\/159373","targetHints":{"allow":["GET"]}}],"collection":[{"href":"https:\/\/www.fuldaernachrichten.de\/index.php?rest_route=\/wp\/v2\/posts"}],"about":[{"href":"https:\/\/www.fuldaernachrichten.de\/index.php?rest_route=\/wp\/v2\/types\/post"}],"author":[{"embeddable":true,"href":"https:\/\/www.fuldaernachrichten.de\/index.php?rest_route=\/wp\/v2\/users\/1"}],"replies":[{"embeddable":true,"href":"https:\/\/www.fuldaernachrichten.de\/index.php?rest_route=%2Fwp%2Fv2%2Fcomments&post=159373"}],"version-history":[{"count":1,"href":"https:\/\/www.fuldaernachrichten.de\/index.php?rest_route=\/wp\/v2\/posts\/159373\/revisions"}],"predecessor-version":[{"id":159375,"href":"https:\/\/www.fuldaernachrichten.de\/index.php?rest_route=\/wp\/v2\/posts\/159373\/revisions\/159375"}],"wp:attachment":[{"href":"https:\/\/www.fuldaernachrichten.de\/index.php?rest_route=%2Fwp%2Fv2%2Fmedia&parent=159373"}],"wp:term":[{"taxonomy":"category","embeddable":true,"href":"https:\/\/www.fuldaernachrichten.de\/index.php?rest_route=%2Fwp%2Fv2%2Fcategories&post=159373"},{"taxonomy":"post_tag","embeddable":true,"href":"https:\/\/www.fuldaernachrichten.de\/index.php?rest_route=%2Fwp%2Fv2%2Ftags&post=159373"}],"curies":[{"name":"wp","href":"https:\/\/api.w.org\/{rel}","templated":true}]}}