{"id":159369,"date":"2017-01-21T10:29:51","date_gmt":"2017-01-21T09:29:51","guid":{"rendered":"http:\/\/www.fuldaer-nachrichten.de\/?p=159369"},"modified":"2017-01-21T10:29:51","modified_gmt":"2017-01-21T09:29:51","slug":"eisflaeche-im-schlossgarten-vorbereitet-zur-freigabe","status":"publish","type":"post","link":"https:\/\/www.fuldaernachrichten.de\/?p=159369","title":{"rendered":"Eisfl\u00e4che im Schlossgarten vorbereitet zur Freigabe"},"content":{"rendered":"<p>Die Eisst\u00e4rkenmessung am Weiher im Schlossgarten am 19.1.2017 hat eine St\u00e4rke von 13 cm ergeben. Die heutige Eisst\u00e4rkenmessung liegt noch nicht vor. Da wir aber dem Wochenende entgegengehen und die frostige Witterung anh\u00e4lt, hat das Betriebsamt der Stadt Fulda die m\u00f6gliche Freigabe vorbereitet: Zus\u00e4tzliche M\u00fclltonnen sind aufgestellt, Trittstufen sind am Holzdeck eingebaut und Gummimatten und Filzmatten auf dem Holzdeck ausgelegt und befestigt.<\/p>\n<p>Aber noch gilt: Erst wenn die Stadtverwaltung die Meldung durch die DLRG erhalten hat, dass die Eisst\u00e4rke von 15 cm erreicht ist, werden die Verbots-Schilder zugeh\u00e4ngt und damit die Eisfl\u00e4che freigegeben.<\/p>\n<p>Bitte beachten Sie: Die Eisfl\u00e4che wird t\u00e4glich kontrolliert. Sobald es w\u00e4rmer wird\/taut, muss die Eisfl\u00e4che aus Sicherheitsgr\u00fcnden wieder gesperrt werden.<\/p>\n","protected":false},"excerpt":{"rendered":"<div class=\"tmnf_excerpt\"><p>Die Eisst\u00e4rkenmessung am Weiher im Schlossgarten am 19.1.2017 hat eine St\u00e4rke von 13 cm ergeben. Die heutige Eisst\u00e4rkenmessung liegt noch nicht vor. Da wir aber dem Wochenende entgegengehen und die frostige Witterung anh\u00e4lt, hat das Betriebsamt der Stadt Fulda die m\u00f6gliche Freigabe vorbereitet: Zus\u00e4tzliche M\u00fclltonnen sind aufgestellt, Trittstufen sind am Holzdeck eingebaut und Gummimatten und &hellip;<\/p>\n<\/div>","protected":false},"author":1,"featured_media":0,"comment_status":"closed","ping_status":"closed","sticky":false,"template":"","format":"standard","meta":{"footnotes":""},"categories":[1],"tags":[],"class_list":["post-159369","post","type-post","status-publish","format-standard","hentry","category-startseite"],"_links":{"self":[{"href":"https:\/\/www.fuldaernachrichten.de\/index.php?rest_route=\/wp\/v2\/posts\/159369","targetHints":{"allow":["GET"]}}],"collection":[{"href":"https:\/\/www.fuldaernachrichten.de\/index.php?rest_route=\/wp\/v2\/posts"}],"about":[{"href":"https:\/\/www.fuldaernachrichten.de\/index.php?rest_route=\/wp\/v2\/types\/post"}],"author":[{"embeddable":true,"href":"https:\/\/www.fuldaernachrichten.de\/index.php?rest_route=\/wp\/v2\/users\/1"}],"replies":[{"embeddable":true,"href":"https:\/\/www.fuldaernachrichten.de\/index.php?rest_route=%2Fwp%2Fv2%2Fcomments&post=159369"}],"version-history":[{"count":1,"href":"https:\/\/www.fuldaernachrichten.de\/index.php?rest_route=\/wp\/v2\/posts\/159369\/revisions"}],"predecessor-version":[{"id":159372,"href":"https:\/\/www.fuldaernachrichten.de\/index.php?rest_route=\/wp\/v2\/posts\/159369\/revisions\/159372"}],"wp:attachment":[{"href":"https:\/\/www.fuldaernachrichten.de\/index.php?rest_route=%2Fwp%2Fv2%2Fmedia&parent=159369"}],"wp:term":[{"taxonomy":"category","embeddable":true,"href":"https:\/\/www.fuldaernachrichten.de\/index.php?rest_route=%2Fwp%2Fv2%2Fcategories&post=159369"},{"taxonomy":"post_tag","embeddable":true,"href":"https:\/\/www.fuldaernachrichten.de\/index.php?rest_route=%2Fwp%2Fv2%2Ftags&post=159369"}],"curies":[{"name":"wp","href":"https:\/\/api.w.org\/{rel}","templated":true}]}}