{"id":159361,"date":"2017-01-21T10:28:20","date_gmt":"2017-01-21T09:28:20","guid":{"rendered":"http:\/\/www.fuldaer-nachrichten.de\/?p=159361"},"modified":"2017-01-21T10:28:20","modified_gmt":"2017-01-21T09:28:20","slug":"malteser-informieren-was-aendert-sich-durch-die-umsetzung-des-pflegestaerkungsgesetzes-ii","status":"publish","type":"post","link":"https:\/\/www.fuldaernachrichten.de\/?p=159361","title":{"rendered":"Malteser informieren: Was \u00e4ndert sich durch die Umsetzung des Pflegest\u00e4rkungsgesetzes II?"},"content":{"rendered":"<p>Mit den Pflegest\u00e4rkungsgesetzen hat ein Umdenken in der Pflege begonnen. Laut dem Bundesministerium f\u00fcr Gesundheit (BMG) stehen mit den Pflegest\u00e4rkungsgesetzen ab 2017 j\u00e4hrlich f\u00fcnf Milliarden Euro zus\u00e4tzlich f\u00fcr die Pflege zur Verf\u00fcgung. Die Pflegeversicherung sei damit um etwa 20 Prozent leistungsf\u00e4higer, teilt das BMG mit. So erhalten gerade Menschen mit Demenz erstmals einen gleichberechtigten Zugang zu allen Leistungen der Pflegeversicherung. Doch was \u00e4ndert sich genau ab Januar?<\/p>\n<p>Die drei bestehenden Pflegestufen werden in f\u00fcnf Pflegegrade \u00fcberf\u00fchrt. Das geschieht ganz automatisch. Wer in eine Stufe ohne eingeschr\u00e4nkte Alltagskompetenz (z.B. Demenz) eingruppiert wurde, erh\u00e4lt den n\u00e4chst h\u00f6heren Pflegegrad: beispielsweise von Pflegestufe 0 in Pflegegrad 1. Wer mit einer demenziellen Ver\u00e4nderung eingruppiert wurde, wird zwei Schritte h\u00f6her gesetzt: von Pflegestufe 1 in Pflegegrad 3.<\/p>\n<p>Die Einstufung durch den medizinischen Dienst erfolgt auch durch eine andere Herangehensweise: hier wird nun darauf geachtet, was der Betroffene noch kann und wie man unterst\u00fctzen k\u00f6nnte, um die vorhandenen Ressourcen weiterhin zu erhalten oder auszubauen. Die Malteser begr\u00fc\u00dfen die Verbesserungen, die die Umsetzung des Pflegest\u00e4rkungsgesetzes mit sich bringen. \u201eInsbesondere die Neudefinition des Begriffes der Pflegebed\u00fcrftigkeit war l\u00e4ngst \u00fcberf\u00e4llig\u201c, erkl\u00e4rt Swetlana Wolf, Leiterin des Demenzdienstes in Fulda. \u201eBisher hatten Menschen mit kognitiven Einschr\u00e4nkungen wie beispielsweise bei Demenz nur einen begrenzten Zugang zu Leistungen der Pflegeversicherung. Das hat sich nun wesentlich verbessert.\u201c<\/p>\n<p>Bei solchen Gesetzes\u00e4nderungen m\u00fcssen sich Betroffene und deren Familien nat\u00fcrlich erst einmal einen genauen \u00dcberblick verschaffen, welche Leistungen in welcher H\u00f6he ihnen zustehen. \u201eHier stehen wir gerne beratend zur Seite\u201c, sagt Swetlana Wolf. \u201eWir informieren unverbindlich, welche Pflege-, Betreuungs- und Entlastungsangebote es bei den Maltesern gibt und welche Gelder\u00c2\u00a0 daf\u00fcr eingesetzt werden k\u00f6nnen.\u201c<br \/>\nBei weiteren Fragen steht Swetlana Wolf\u00c2\u00a0 als Ansprechpartnerin gerne zur Verf\u00fcgung.<br \/>\nSie ist telefonisch zu erreichen unter: 0661 95310-0, e-mail: swetlana.wolf@malteser.org. Informationen finden sich unter www.malteser-fulda.de<\/p>\n","protected":false},"excerpt":{"rendered":"<div class=\"tmnf_excerpt\"><p>Mit den Pflegest\u00e4rkungsgesetzen hat ein Umdenken in der Pflege begonnen. Laut dem Bundesministerium f\u00fcr Gesundheit (BMG) stehen mit den Pflegest\u00e4rkungsgesetzen ab 2017 j\u00e4hrlich f\u00fcnf Milliarden Euro zus\u00e4tzlich f\u00fcr die Pflege zur Verf\u00fcgung. Die Pflegeversicherung sei damit um etwa 20 Prozent leistungsf\u00e4higer, teilt das BMG mit. So erhalten gerade Menschen mit Demenz erstmals einen gleichberechtigten Zugang &hellip;<\/p>\n<\/div>","protected":false},"author":1,"featured_media":0,"comment_status":"closed","ping_status":"closed","sticky":false,"template":"","format":"standard","meta":{"footnotes":""},"categories":[1],"tags":[],"class_list":["post-159361","post","type-post","status-publish","format-standard","hentry","category-startseite"],"_links":{"self":[{"href":"https:\/\/www.fuldaernachrichten.de\/index.php?rest_route=\/wp\/v2\/posts\/159361","targetHints":{"allow":["GET"]}}],"collection":[{"href":"https:\/\/www.fuldaernachrichten.de\/index.php?rest_route=\/wp\/v2\/posts"}],"about":[{"href":"https:\/\/www.fuldaernachrichten.de\/index.php?rest_route=\/wp\/v2\/types\/post"}],"author":[{"embeddable":true,"href":"https:\/\/www.fuldaernachrichten.de\/index.php?rest_route=\/wp\/v2\/users\/1"}],"replies":[{"embeddable":true,"href":"https:\/\/www.fuldaernachrichten.de\/index.php?rest_route=%2Fwp%2Fv2%2Fcomments&post=159361"}],"version-history":[{"count":1,"href":"https:\/\/www.fuldaernachrichten.de\/index.php?rest_route=\/wp\/v2\/posts\/159361\/revisions"}],"predecessor-version":[{"id":159365,"href":"https:\/\/www.fuldaernachrichten.de\/index.php?rest_route=\/wp\/v2\/posts\/159361\/revisions\/159365"}],"wp:attachment":[{"href":"https:\/\/www.fuldaernachrichten.de\/index.php?rest_route=%2Fwp%2Fv2%2Fmedia&parent=159361"}],"wp:term":[{"taxonomy":"category","embeddable":true,"href":"https:\/\/www.fuldaernachrichten.de\/index.php?rest_route=%2Fwp%2Fv2%2Fcategories&post=159361"},{"taxonomy":"post_tag","embeddable":true,"href":"https:\/\/www.fuldaernachrichten.de\/index.php?rest_route=%2Fwp%2Fv2%2Ftags&post=159361"}],"curies":[{"name":"wp","href":"https:\/\/api.w.org\/{rel}","templated":true}]}}