{"id":159335,"date":"2017-01-20T10:00:56","date_gmt":"2017-01-20T09:00:56","guid":{"rendered":"http:\/\/www.fuldaer-nachrichten.de\/?p=159335"},"modified":"2017-01-20T10:00:56","modified_gmt":"2017-01-20T09:00:56","slug":"neue-leitung-der-staedtischen-musikschule","status":"publish","type":"post","link":"https:\/\/www.fuldaernachrichten.de\/?p=159335","title":{"rendered":"Neue Leitung der st\u00e4dtischen Musikschule"},"content":{"rendered":"<p>Zum 01. Februar 2017 begr\u00fc\u00dft die Stadt Fulda Natalya Oldenburg als neue Leiterin der Musikschule. Sie tritt die Nachfolge von Christoph Stibor an, der im Herbst 2016 die Leitung des Theater- und Konzertmanagements \u00fcbernommen hat.<\/p>\n<p>Der Oberb\u00fcrgermeister und Kulturdezernent Dr. Wingenfeld freut sich auf die Zusammenarbeit mir der neuen Leiterin der Musikschule: \u201eIch freue mich, dass es gelungen ist, wieder eine hervorragend qualifizierte Pers\u00f6nlichkeit f\u00fcr die Leitung unserer Musikschule zu gewinnen. Die Musikschule ist ein ganz wesentlicher Bestandteil der Kulturstadt Fulda\u201c.<\/p>\n<p>Die 1970 geborene Natalya Oldenburg ist verheiratet und Mutter zweier Kinder. Sie hat in der Ukraine ihr Grundstudium f\u00fcr Musiklehrer und Orchestermusiker absolviert. An der staatlichen Hochschule f\u00fcr Musik in Donezk schloss sie ihr Masterstudium mit dem Schwerpunkt Orchestermusik und Instrumentalp\u00e4dagogik an. 2002 folgte das Promotionsstudium. Ihre Instrumente sind Violine, Viola und Klavier.<\/p>\n<p>Schon w\u00e4hrend des Studiums sammelte Natalya Oldenburg als Teil des Sergej Prokofiev Symphonieorchester Donezk Erfahrungen. Danach war sie als Juniordozentin t\u00e4tig und gr\u00fcndete und f\u00fchrte das Ensemble \u201eViva Classica Trio\u201c. In den folgenden Jahren arbeitete sie mit der russischen Kammerphilharmonie St. Petersburg zusammen.<\/p>\n<p>Nach dem Umzug nach Deutschland 2004 arbeitete sie zun\u00e4chst f\u00fcr das Kourion Orchester M\u00fcnster. Sp\u00e4ter war sie als Lehrkraft f\u00fcr Violine und Viola im Gro\u00dfraum Frankfurt am Main t\u00e4tig.<\/p>\n<p>Mit dem Umzug nach Fulda in 2011 begann auch ihr Engagement an der hiesigen Musikschule. Neben ihrer T\u00e4tigkeit als Lehrkraft f\u00fcr Violine und Viola stellte sie ihr K\u00f6nnen zum Beispiel bei der Organisation und Leitung des kleinen und gro\u00dfen Sympathieorchesters unter Beweis. Au\u00dferdem \u00fcbernahm sie bei der Organisation von Vorspielen und schulischen Veranstaltungen sowie bei der Arbeit mit der Orchesterklasse des Domgymnasiums Verantwortung.<\/p>\n<p>Natalya Oldenburg sieht ihrer neuen Aufgabe mit Freude entgegen:<br \/>\n&#8220;Ich freue mich sehr, dass ich nun in der neuen Rolle die Weiterentwicklung der Musikschule unterst\u00fctzen und zu ihrem Erfolg beitragen kann.&#8221;<\/p>\n","protected":false},"excerpt":{"rendered":"<div class=\"tmnf_excerpt\"><p>Zum 01. Februar 2017 begr\u00fc\u00dft die Stadt Fulda Natalya Oldenburg als neue Leiterin der Musikschule. Sie tritt die Nachfolge von Christoph Stibor an, der im Herbst 2016 die Leitung des Theater- und Konzertmanagements \u00fcbernommen hat. Der Oberb\u00fcrgermeister und Kulturdezernent Dr. Wingenfeld freut sich auf die Zusammenarbeit mir der neuen Leiterin der Musikschule: \u201eIch freue mich, &hellip;<\/p>\n<\/div>","protected":false},"author":1,"featured_media":159347,"comment_status":"closed","ping_status":"closed","sticky":false,"template":"","format":"standard","meta":{"footnotes":""},"categories":[1],"tags":[],"class_list":["post-159335","post","type-post","status-publish","format-standard","has-post-thumbnail","hentry","category-startseite"],"_links":{"self":[{"href":"https:\/\/www.fuldaernachrichten.de\/index.php?rest_route=\/wp\/v2\/posts\/159335","targetHints":{"allow":["GET"]}}],"collection":[{"href":"https:\/\/www.fuldaernachrichten.de\/index.php?rest_route=\/wp\/v2\/posts"}],"about":[{"href":"https:\/\/www.fuldaernachrichten.de\/index.php?rest_route=\/wp\/v2\/types\/post"}],"author":[{"embeddable":true,"href":"https:\/\/www.fuldaernachrichten.de\/index.php?rest_route=\/wp\/v2\/users\/1"}],"replies":[{"embeddable":true,"href":"https:\/\/www.fuldaernachrichten.de\/index.php?rest_route=%2Fwp%2Fv2%2Fcomments&post=159335"}],"version-history":[{"count":1,"href":"https:\/\/www.fuldaernachrichten.de\/index.php?rest_route=\/wp\/v2\/posts\/159335\/revisions"}],"predecessor-version":[{"id":159348,"href":"https:\/\/www.fuldaernachrichten.de\/index.php?rest_route=\/wp\/v2\/posts\/159335\/revisions\/159348"}],"wp:featuredmedia":[{"embeddable":true,"href":"https:\/\/www.fuldaernachrichten.de\/index.php?rest_route=\/wp\/v2\/media\/159347"}],"wp:attachment":[{"href":"https:\/\/www.fuldaernachrichten.de\/index.php?rest_route=%2Fwp%2Fv2%2Fmedia&parent=159335"}],"wp:term":[{"taxonomy":"category","embeddable":true,"href":"https:\/\/www.fuldaernachrichten.de\/index.php?rest_route=%2Fwp%2Fv2%2Fcategories&post=159335"},{"taxonomy":"post_tag","embeddable":true,"href":"https:\/\/www.fuldaernachrichten.de\/index.php?rest_route=%2Fwp%2Fv2%2Ftags&post=159335"}],"curies":[{"name":"wp","href":"https:\/\/api.w.org\/{rel}","templated":true}]}}