{"id":159323,"date":"2017-01-20T09:58:11","date_gmt":"2017-01-20T08:58:11","guid":{"rendered":"http:\/\/www.fuldaer-nachrichten.de\/?p=159323"},"modified":"2017-01-20T09:58:11","modified_gmt":"2017-01-20T08:58:11","slug":"10-000-e-fuer-die-schoensten-loeffellisten-mitmachen-beim-9-fotowettbewerb-der-deutschen-palliativstiftung","status":"publish","type":"post","link":"https:\/\/www.fuldaernachrichten.de\/?p=159323","title":{"rendered":"10.000 \u00e2\u201a\u00ac f\u00fcr die sch\u00f6nsten L\u00f6ffellisten &#8211; Mitmachen beim 9. Fotowettbewerb der Deutschen PalliativStiftung"},"content":{"rendered":"<p>Wasserski im Atlantik fahren, in einer hei\u00dfen Quelle in Island baden, die gr\u00f6\u00dfte Party seines Lebens feiern oder barfu\u00df im Regen tanzen. Die Listen mit Dingen, die Menschen noch erleben m\u00f6chten, bevor sie \u201eden L\u00f6ffel abgeben\u201c sind so unterschiedlich wie die Menschen selbst. Die Deutsche PalliativStiftung (DPS) wird diese L\u00f6ffellisten als Bilder in ihrem erfolgreichen PalliativKalender ver\u00f6ffentlichen. Hobby- und Profifotografen k\u00f6nnen ab sofort ihre pers\u00f6nlichen W\u00fcnsche, Ziele und Pl\u00e4ne im Leben in einem Foto festhalten und bis zum 31. M\u00e4rz am diesj\u00e4hrigen Fotowettbewerb der DPS \u201eBevor ich sterbe, m\u00f6chte ich&#8230;\u201c teilnehmen.<\/p>\n<p>Wie kann ich teilnehmen?<br \/>\nDazu einfach das ausdrucksst\u00e4rkste Motiv zum diesj\u00e4hrigen Thema bis zum 31. M\u00e4rz 2017 \u00fcber das Bildertool unter www.palliativkalender.de hochladen. Die Bilder sollten im Querformat, als JPG-Datei und mit einer Mindestaufl\u00f6sung von 2480 x 1860 Pixel eingereicht werden.<\/p>\n<p>Was kann ich gewinnen?<br \/>\nEine Jury w\u00e4hlt aus allen Einsendungen drei Gewinnermotive aus, die ein Preisgeld in H\u00f6he von 5.000, 3.000 sowie 2.000 Euro f\u00fcr eine gemeinn\u00fctzige Hospiz- oder Palliativeinrichtung ihrer Wahl erhalten. Au\u00dferdem entsteht aus den eingesandten Bildern der PalliativKalender 2019.<\/p>\n<p>Was gibt es rechtlich zu beachten?<br \/>\nMit der Einsendung ihres Fotos erkl\u00e4ren sich die Teilnehmer einverstanden mit der Ver\u00f6ffentlichung des Fotos im Internet sowie in Druckmedien (insbesondere im Foto-Kalender, in Presseartikeln und in Flyern). Au\u00dferdem k\u00f6nnen die Bilder nach dem Wettbewerb von hospizlich-palliativen Engagierten f\u00fcr ihre \u00d6ffentlichkeitsarbeit verwendet werden. Daf\u00fcr werden die Bilder in einen Download-Bereich gestellt. Bei Verwendung muss als Quelle der jeweilige Fotografenname mit ver\u00f6ffentlicht werden.<br \/>\nDer Einsender stellt zudem sicher, dass die Bildmotive keine Rechte Dritter verletzen beziehungsweise die Deutsche PalliativStiftung alle Rechte mit der Zusendung des Fotos erh\u00e4lt.<\/p>\n<p>Sie haben Fragen zum Wettbewerb?<br \/>\nDann schreiben Sie uns unter kalender@palliativstiftung.de. Gerne stehen wir Ihnen auch telefonisch unter 0661\/48049797 zur Verf\u00fcgung.<\/p>\n<p>Bildunterschrift: Die Gleitschirmflieger auf der Wasserkuppe genie\u00dfen das Freiheitsgef\u00fchl.<\/p>\n","protected":false},"excerpt":{"rendered":"<div class=\"tmnf_excerpt\"><p>Wasserski im Atlantik fahren, in einer hei\u00dfen Quelle in Island baden, die gr\u00f6\u00dfte Party seines Lebens feiern oder barfu\u00df im Regen tanzen. Die Listen mit Dingen, die Menschen noch erleben m\u00f6chten, bevor sie \u201eden L\u00f6ffel abgeben\u201c sind so unterschiedlich wie die Menschen selbst. Die Deutsche PalliativStiftung (DPS) wird diese L\u00f6ffellisten als Bilder in ihrem erfolgreichen &hellip;<\/p>\n<\/div>","protected":false},"author":1,"featured_media":159333,"comment_status":"closed","ping_status":"closed","sticky":false,"template":"","format":"standard","meta":{"footnotes":""},"categories":[1],"tags":[],"class_list":["post-159323","post","type-post","status-publish","format-standard","has-post-thumbnail","hentry","category-startseite"],"_links":{"self":[{"href":"https:\/\/www.fuldaernachrichten.de\/index.php?rest_route=\/wp\/v2\/posts\/159323","targetHints":{"allow":["GET"]}}],"collection":[{"href":"https:\/\/www.fuldaernachrichten.de\/index.php?rest_route=\/wp\/v2\/posts"}],"about":[{"href":"https:\/\/www.fuldaernachrichten.de\/index.php?rest_route=\/wp\/v2\/types\/post"}],"author":[{"embeddable":true,"href":"https:\/\/www.fuldaernachrichten.de\/index.php?rest_route=\/wp\/v2\/users\/1"}],"replies":[{"embeddable":true,"href":"https:\/\/www.fuldaernachrichten.de\/index.php?rest_route=%2Fwp%2Fv2%2Fcomments&post=159323"}],"version-history":[{"count":1,"href":"https:\/\/www.fuldaernachrichten.de\/index.php?rest_route=\/wp\/v2\/posts\/159323\/revisions"}],"predecessor-version":[{"id":159334,"href":"https:\/\/www.fuldaernachrichten.de\/index.php?rest_route=\/wp\/v2\/posts\/159323\/revisions\/159334"}],"wp:featuredmedia":[{"embeddable":true,"href":"https:\/\/www.fuldaernachrichten.de\/index.php?rest_route=\/wp\/v2\/media\/159333"}],"wp:attachment":[{"href":"https:\/\/www.fuldaernachrichten.de\/index.php?rest_route=%2Fwp%2Fv2%2Fmedia&parent=159323"}],"wp:term":[{"taxonomy":"category","embeddable":true,"href":"https:\/\/www.fuldaernachrichten.de\/index.php?rest_route=%2Fwp%2Fv2%2Fcategories&post=159323"},{"taxonomy":"post_tag","embeddable":true,"href":"https:\/\/www.fuldaernachrichten.de\/index.php?rest_route=%2Fwp%2Fv2%2Ftags&post=159323"}],"curies":[{"name":"wp","href":"https:\/\/api.w.org\/{rel}","templated":true}]}}