{"id":159318,"date":"2017-01-20T09:56:13","date_gmt":"2017-01-20T08:56:13","guid":{"rendered":"http:\/\/www.fuldaer-nachrichten.de\/?p=159318"},"modified":"2017-01-20T09:56:13","modified_gmt":"2017-01-20T08:56:13","slug":"auftaktveranstaltung-life-projekt-hessische-rhoen-berggruenland-hutungen-und-ihre-voegel","status":"publish","type":"post","link":"https:\/\/www.fuldaernachrichten.de\/?p=159318","title":{"rendered":"Auftaktveranstaltung LIFE-Projekt: Hessische Rh\u00f6n \u2013 Berggr\u00fcnland, Hutungen und ihre V\u00f6gel"},"content":{"rendered":"<p>Am Mittwoch, 18.01.2017 fand im Ulstersaal in Hilders die Er\u00f6ffnungsveranstaltung des neuen EU LIFE-Projektes: Hessische Rh\u00f6n \u2013 Berggr\u00fcnland, Hutungen und ihre V\u00f6gel statt.<br \/>\nEingeladene G\u00e4ste waren unter anderem die B\u00fcrgermeister der beteiligten Gemeinden, Vertreter des Hessischen Ministeriums f\u00fcr Umwelt, Klimaschutz, Landwirtschaft und Verbraucherschutz (HMUKLV) und des Regierungspr\u00e4sidiums Kassel sowie zahlreiche Vereine und Verb\u00e4nde.<\/p>\n<p>Neben den Gru\u00dfworten des Landrates Fulda, Bernd Woide, hat der B\u00fcrgermeister Hubert Blum aus Hilders (als Hausherr), Herr Dr. Christian Hey vom HMUKLV sowie der Fachdienstleiter des hessischen Biosph\u00e4renreservates Torsten Raab, auf die Chancen, die das neue LIFE-Projekt f\u00fcr die Region mit sich bringen, hingewiesen.<\/p>\n<p>Nach einer kurzen Vorstellungsrunde des LIFE-Teams folgte ein Vortrag vom LIFE-Projektleiter Jonas Thielen \u00fcber die Ma\u00dfnahmen und Chancen, die historisch gewachsene Kulturlandschaft der Rh\u00f6n und ihre einzigartige Flora und Fauna zu erhalten. Insbesondere Ma\u00dfnahmen zur Instandsetzung landwirtschaftlich Fl\u00e4chen, welche innerhalb des Vogelschutzgebietes Hessische Rh\u00f6n liegen, sind f\u00f6rderf\u00e4hig. Voraussetzung ist, dass sie zu einer Verbesserung f\u00fcr bestimmte Vogelarten oder Lebensraumtypen beitragen k\u00f6nnen. Insgesamt stehen hierf\u00fcr \u00fcber 6,5 Mio. Euro bis 2022 zur Verf\u00fcgung.<\/p>\n<p>60\u00c2\u00a0% der F\u00f6rderungssumme werden von der EU und 40\u00c2\u00a0% vom HMUKLV zur Verf\u00fcgung gestellt. Der Landkreis Fulda beteiligt sich als Antragsteller ebenfalls finanziell an dem Projekt.<\/p>\n<p>Abgerundet wurde der Abend durch einen Impulsvortrag von Jan Hochstein. Er berichtete \u00fcber ein erfolgreich abgeschlossenes EU LIFE-Projekt aus dem benachbarten Nordrhein-Westfalen bei denen ebenfalls die Bergwiesen gesch\u00fctzt wurden. Hochstein wird auch in Zukunft als LIFE-Projektmitarbeiter die Ma\u00dfnahmen auf den Fl\u00e4chen begleiten. Weitere Mitarbeiter des Teams sind Janet Emig, welche neben der \u00d6ffentlichkeitsarbeit, auch weiterhin die landwirtschaftliche Beratung durchf\u00fchrt. F\u00fcr den finanziellen Haushalt wird in Zukunft Fabian Hartung vom Landkreis Fulda zust\u00e4ndig sein. Au\u00dferdem wird sich Georg Sauer mit Werner Hafke um das Wildtiermanagement k\u00fcmmern.<\/p>\n","protected":false},"excerpt":{"rendered":"<div class=\"tmnf_excerpt\"><p>Am Mittwoch, 18.01.2017 fand im Ulstersaal in Hilders die Er\u00f6ffnungsveranstaltung des neuen EU LIFE-Projektes: Hessische Rh\u00f6n \u2013 Berggr\u00fcnland, Hutungen und ihre V\u00f6gel statt. Eingeladene G\u00e4ste waren unter anderem die B\u00fcrgermeister der beteiligten Gemeinden, Vertreter des Hessischen Ministeriums f\u00fcr Umwelt, Klimaschutz, Landwirtschaft und Verbraucherschutz (HMUKLV) und des Regierungspr\u00e4sidiums Kassel sowie zahlreiche Vereine und Verb\u00e4nde. Neben den &hellip;<\/p>\n<\/div>","protected":false},"author":1,"featured_media":159324,"comment_status":"closed","ping_status":"closed","sticky":false,"template":"","format":"standard","meta":{"footnotes":""},"categories":[1],"tags":[],"class_list":["post-159318","post","type-post","status-publish","format-standard","has-post-thumbnail","hentry","category-startseite"],"_links":{"self":[{"href":"https:\/\/www.fuldaernachrichten.de\/index.php?rest_route=\/wp\/v2\/posts\/159318","targetHints":{"allow":["GET"]}}],"collection":[{"href":"https:\/\/www.fuldaernachrichten.de\/index.php?rest_route=\/wp\/v2\/posts"}],"about":[{"href":"https:\/\/www.fuldaernachrichten.de\/index.php?rest_route=\/wp\/v2\/types\/post"}],"author":[{"embeddable":true,"href":"https:\/\/www.fuldaernachrichten.de\/index.php?rest_route=\/wp\/v2\/users\/1"}],"replies":[{"embeddable":true,"href":"https:\/\/www.fuldaernachrichten.de\/index.php?rest_route=%2Fwp%2Fv2%2Fcomments&post=159318"}],"version-history":[{"count":1,"href":"https:\/\/www.fuldaernachrichten.de\/index.php?rest_route=\/wp\/v2\/posts\/159318\/revisions"}],"predecessor-version":[{"id":159325,"href":"https:\/\/www.fuldaernachrichten.de\/index.php?rest_route=\/wp\/v2\/posts\/159318\/revisions\/159325"}],"wp:featuredmedia":[{"embeddable":true,"href":"https:\/\/www.fuldaernachrichten.de\/index.php?rest_route=\/wp\/v2\/media\/159324"}],"wp:attachment":[{"href":"https:\/\/www.fuldaernachrichten.de\/index.php?rest_route=%2Fwp%2Fv2%2Fmedia&parent=159318"}],"wp:term":[{"taxonomy":"category","embeddable":true,"href":"https:\/\/www.fuldaernachrichten.de\/index.php?rest_route=%2Fwp%2Fv2%2Fcategories&post=159318"},{"taxonomy":"post_tag","embeddable":true,"href":"https:\/\/www.fuldaernachrichten.de\/index.php?rest_route=%2Fwp%2Fv2%2Ftags&post=159318"}],"curies":[{"name":"wp","href":"https:\/\/api.w.org\/{rel}","templated":true}]}}