{"id":159317,"date":"2017-01-20T09:56:19","date_gmt":"2017-01-20T08:56:19","guid":{"rendered":"http:\/\/www.fuldaer-nachrichten.de\/?p=159317"},"modified":"2017-01-20T09:56:19","modified_gmt":"2017-01-20T08:56:19","slug":"workshop-fuer-frauen","status":"publish","type":"post","link":"https:\/\/www.fuldaernachrichten.de\/?p=159317","title":{"rendered":"Workshop f\u00fcr Frauen"},"content":{"rendered":"<p>Zu einem Workshop zum Thema \u201e&#8221;Halb perfekt und doppelt gl\u00fccklich-Wege aus der Perfektionsspirale\u201c \u201c l\u00e4dt das Frauenb\u00fcro der Stadt Fulda am Samstag, 04. Februar, von 10 bis 16 Uhr ins Frauenzentrum Fulda, Schlossstra\u00dfe 12, ein.<\/p>\n<p>Es geht um Fragestellungen wie: Habe ich mich ein St\u00fcck weit aus den Augen verloren, und wie finde ich in meinen eigenen Lebensmittelpunkt zur\u00fcck?<br \/>\nWas sind meine eigenen inneren Ressourcen? Wie kann ich F\u00fcrsorge f\u00fcr mich selber betreiben? Wie wichtig ist mir die Anerkennung?<\/p>\n<p>Der Workshop unter Leitung von Britta Ellger-Lehr, Gesundheits- und Mentalberaterin, gibt Impulse, die dabei helfen, die eigenen Kraftquellen zu entdecken und sich selbst wieder mehr in den Mittelpunkt des Lebens zu stellen.<\/p>\n<p>Anmeldung ist bis 27. Januar im Frauenb\u00fcro, Tel. 0661 102 1042, oder per Mail \u00fcber frauenbuero@fulda.de m\u00f6glich (Teilnahmebeitrag: 35 Euro).<\/p>\n<p>Infos unter: http:\/\/www.frauenbuero-fulda.de<\/p>\n","protected":false},"excerpt":{"rendered":"<div class=\"tmnf_excerpt\"><p>Zu einem Workshop zum Thema \u201e&#8221;Halb perfekt und doppelt gl\u00fccklich-Wege aus der Perfektionsspirale\u201c \u201c l\u00e4dt das Frauenb\u00fcro der Stadt Fulda am Samstag, 04. Februar, von 10 bis 16 Uhr ins Frauenzentrum Fulda, Schlossstra\u00dfe 12, ein. Es geht um Fragestellungen wie: Habe ich mich ein St\u00fcck weit aus den Augen verloren, und wie finde ich in &hellip;<\/p>\n<\/div>","protected":false},"author":1,"featured_media":0,"comment_status":"closed","ping_status":"closed","sticky":false,"template":"","format":"standard","meta":{"footnotes":""},"categories":[1],"tags":[],"class_list":["post-159317","post","type-post","status-publish","format-standard","hentry","category-startseite"],"_links":{"self":[{"href":"https:\/\/www.fuldaernachrichten.de\/index.php?rest_route=\/wp\/v2\/posts\/159317","targetHints":{"allow":["GET"]}}],"collection":[{"href":"https:\/\/www.fuldaernachrichten.de\/index.php?rest_route=\/wp\/v2\/posts"}],"about":[{"href":"https:\/\/www.fuldaernachrichten.de\/index.php?rest_route=\/wp\/v2\/types\/post"}],"author":[{"embeddable":true,"href":"https:\/\/www.fuldaernachrichten.de\/index.php?rest_route=\/wp\/v2\/users\/1"}],"replies":[{"embeddable":true,"href":"https:\/\/www.fuldaernachrichten.de\/index.php?rest_route=%2Fwp%2Fv2%2Fcomments&post=159317"}],"version-history":[{"count":1,"href":"https:\/\/www.fuldaernachrichten.de\/index.php?rest_route=\/wp\/v2\/posts\/159317\/revisions"}],"predecessor-version":[{"id":159326,"href":"https:\/\/www.fuldaernachrichten.de\/index.php?rest_route=\/wp\/v2\/posts\/159317\/revisions\/159326"}],"wp:attachment":[{"href":"https:\/\/www.fuldaernachrichten.de\/index.php?rest_route=%2Fwp%2Fv2%2Fmedia&parent=159317"}],"wp:term":[{"taxonomy":"category","embeddable":true,"href":"https:\/\/www.fuldaernachrichten.de\/index.php?rest_route=%2Fwp%2Fv2%2Fcategories&post=159317"},{"taxonomy":"post_tag","embeddable":true,"href":"https:\/\/www.fuldaernachrichten.de\/index.php?rest_route=%2Fwp%2Fv2%2Ftags&post=159317"}],"curies":[{"name":"wp","href":"https:\/\/api.w.org\/{rel}","templated":true}]}}