{"id":159313,"date":"2017-01-20T09:55:29","date_gmt":"2017-01-20T08:55:29","guid":{"rendered":"http:\/\/www.fuldaer-nachrichten.de\/?p=159313"},"modified":"2017-01-20T09:55:29","modified_gmt":"2017-01-20T08:55:29","slug":"die-rhoen-mit-allen-sinnen-erleben","status":"publish","type":"post","link":"https:\/\/www.fuldaernachrichten.de\/?p=159313","title":{"rendered":"Die Rh\u00f6n mit allen Sinnen erleben"},"content":{"rendered":"<p><a href=\"http:\/\/www.fuldaer-nachrichten.de\/wp-content\/uploads\/2017\/01\/Rh\u00f6nProgrammheft2017_Titel_Presse.jpg\"><img decoding=\"async\" class=\"alignleft size-thumbnail wp-image-159321\" src=\"http:\/\/www.fuldaer-nachrichten.de\/wp-content\/uploads\/2017\/01\/Rh\u00f6nProgrammheft2017_Titel_Presse-265x126.jpg\" alt=\"\" width=\"265\" height=\"126\" \/><\/a>Das UNESCO Biosph\u00e4renreservat Bayerische Rh\u00f6n ist ein \u201eErlebnispark\u201c wie ihn nur die Natur inszenieren kann. Die Bildung f\u00fcr nachhaltige Entwicklung ist eine Schwerpunktaufgabe von Biosph\u00e4renreservaten. Im druckfrischen Programmheft 2017 stehen rund 200 Angebote zur Umweltbildung und -information f\u00fcr jedes Alter zur Wahl. Neben Bew\u00e4hrtem findet man einige Sondertermine zu anstehenden Jubil\u00e4en.<\/p>\n<p>Vier Bildungseinrichtungen \u2013 ein Programm<br \/>\nDas 88-seitige Programmheft f\u00fchrt die wichtigsten Angebote vom Biosph\u00e4renzentrum Haus der Schwarzen Berge, von der Umweltbildungsst\u00e4tte Oberelsbach sowie vom Biosph\u00e4renzentrum Haus der Langen Rh\u00f6n inklusive Umweltbildung Schwarzes Moor auf. Engagierte Fachkr\u00e4fte und Referenten sensibilisieren in 68 Kursen, 40 Ausstellungen, 16 Aktionswochen und 88 Wanderungen f\u00fcr die sch\u00fctzenswerte Natur des Biosph\u00e4renreservats und ihren sorgsamen Umgang mit den Ressourcen.<br \/>\nAuf dem abwechslungsreichen Programm stehen Klassiker wie das regionale Fr\u00fchst\u00fcck, Kr\u00e4uter- und Singlewanderungen, Kurse zu Obstbaumschnitt sowie Einblicke in die Naturfotografie oder das Zeichnen in der Natur. Einen H\u00f6hepunkt bilden die Sternenwanderungen. Besondere Aufmerksamkeit erhalten bei Exkursionen Tiere wie Luchs, Rotmilan oder K\u00f6cherfliege, sowie Pflanzen und Landschaften wie Orchideen, Moore und Obstwiesen.<\/p>\n<p>\u201eViele Sondertermine gibt es anl\u00e4sslich der Jubil\u00e4en 20 Jahre Info-Zentrum Haus der Schwarzen Berge\u201c sowie zehn Jahre Premiumwanderwege im Landkreis Bad Kissingen.\u201c, f\u00fchrte Landrat Thomas Bold, 1. Vorsitzender des Naturparks &amp; Biosph\u00e4renreservats Bayerische Rh\u00f6n e.V., bei einem Pressegespr\u00e4ch im Biosph\u00e4renzentrum Haus der Schwarzen Berge in Wildflecken-Oberbach aus.<\/p>\n<p>20 Jahre Biosph\u00e4renzentrum Haus der Schwarzen Berge<br \/>\nDas Biosph\u00e4renzentrum Haus der Schwarzen Berge wurde 1997 als erste Informationsst\u00e4tte mit dem Thema\u00c2\u00a0 UNESCO Biosph\u00e4renreservat er\u00f6ffnet. Nicht nur aufgrund seiner idealen Lage als Einfallstor zur Rh\u00f6n mit nahegelegenem Anschluss an die Autobahn (nur sieben km bis zur A7) hat sich die Einrichtung erfolgreich etabliert. Mit Ausstellung, Regionalwarenladen und einem Caf\u00e9 zeigt das Haus vorbildlich die Wertsch\u00f6pfungskette f\u00fcr regionale Proukte, inbesondere der Dachmarke Rh\u00f6n auf. P\u00fcnktlich zum Jubil\u00e4um erh\u00e4lt das Haus der Schwarzen Berge die Gesch\u00e4ftsstelle der ab 1. Februar 2017 neu fungierenden und l\u00e4nder\u00fcbergreifenden Rh\u00f6n GmbH (vormals Dachmarke Rh\u00f6n GmbH). Damit unterstreicht das Biosph\u00e4renzentrum Haus der Schwarzen Berge seine Funktion als Taktgeber f\u00fcr eine nachhaltige\u00c2\u00a0 Regionalentwicklung der Gesamt-Rh\u00f6n.<\/p>\n<p>Jubil\u00e4umsaktionen im und um das Biosph\u00e4renzentrum Haus der Schwarzen Berge (Auswahl):<br \/>\n\u00e2\u2013\u00a0 Ganzj\u00e4hrig: Wettbewerb \u201eMein sch\u00f6nster Rh\u00f6n-Wanderweg\u201c.<br \/>\n\u00e2\u2013\u00a0 05.05.17 Fortbildung f\u00fcr Kindertageseinichtungen mit Wildnisp\u00e4dagoge Gerhard Dommel<br \/>\n\u00e2\u2013\u00a0 22.05.\u201309.06.17 Karikaturenausstellung \u201eGl\u00e4nzende Aussichten\u201c des Erzbisch\u00f6flichen<br \/>\nOrdinariats Bamberg<br \/>\n\u00e2\u2013\u00a0 19.07.17 Vortrag Heiligenfeld Kliniken Bad Kissingen von Prof. Norbert Jung: \u201eNatur bietet Vielfalt, ohne uns zu erm\u00fcden und Intensit\u00e4t, ohne uns zu \u00fcberfordern\u201c.<\/p>\n<p>Zehn Jahre Premiumwanderwege<br \/>\nAuch die seit zehn Jahren bestehenden Premiumwanderwege bieten 2017 viele Extratermine wie z.B.<\/p>\n<p>\u00e2\u2013\u00a0 30.04. | 30.09. Wanderung auf dem Brennerweg bei Wartmannsroth mit Verkostung \u201eBrennereien \u00f6ffnen ihre T\u00fcren und gew\u00e4hren Einblick in die Kunst des Destillierens\u201c<br \/>\n\u00e2\u2013\u00a0 07.05.17 Wanderung \u201eDer Basaltweg. Auf den Spuren des Rh\u00f6nvulkanismus zur Kissinger H\u00fctte im Naturschutzgebiet Schwarze Berge\u201c<br \/>\n\u00e2\u2013\u00a0 28.05.17 Wanderung \u201eDie H\u00fcttentour &#8211; Die Geschichte vom Berghaus Rh\u00f6n und der Rh\u00f6nklubh\u00fctte W\u00fcrzburger-Karl-Straub-Haus\u201c im Naturschutzgebiet Schwarze Berge<br \/>\n\u00e2\u2013\u00a0 25.06.17 Wanderung \u201eDer Thulbathaler\u201c; Markt Oberthulba<br \/>\n\u00e2\u2013\u00a0 02.07.17 Wanderung \u201eMit K\u00f6nig Ludwig I. unterwegs\u201c, Bad Br\u00fcckenau<\/p>\n<p>\u201eDas Programmheft stellt das Grundger\u00fcst unseres Informations- und Bildungsangebots dar. Daneben werden im Laufe des Jahres viele weitere Veranstaltungen und Angebote entwickelt.\u201c, unterstrich abschlie\u00dfend Klaus Spitzl, Gesch\u00e4ftsf\u00fchrer\u00c2\u00a0 des Naturpark &amp; Biosph\u00e4renreservat Bayerische Rh\u00f6n e.V. in Oberelsbach.<\/p>\n<p>Das Programmheft liegt gratis in den Informationseinrichtungen der Bayerischen Rh\u00f6n sowie an vielen weiteren \u00f6ffentlichen Stellen aus und ist als Download unter www.brrhoen.de abrufbar. Weitere Infornationen erteilt der Naturpark &amp; Biosph\u00e4renreservat Bayer. Rh\u00f6n e. V. Managementzentrum, 97656 Oberelsbach, Tel. 09774910250, poststelle@br-rhoen.de.<\/p>\n<p>&nbsp;<\/p>\n<p><a href=\"http:\/\/www.fuldaer-nachrichten.de\/wp-content\/uploads\/2017\/01\/Jahresprogramm2017_Biosph\u00e4reRh\u00f6nBY_web.pdf\">Jahresprogramm2017_Biosph\u00e4reRh\u00f6nBY_web<\/a><\/p>\n","protected":false},"excerpt":{"rendered":"<div class=\"tmnf_excerpt\"><p>Das UNESCO Biosph\u00e4renreservat Bayerische Rh\u00f6n ist ein \u201eErlebnispark\u201c wie ihn nur die Natur inszenieren kann. Die Bildung f\u00fcr nachhaltige Entwicklung ist eine Schwerpunktaufgabe von Biosph\u00e4renreservaten. Im druckfrischen Programmheft 2017 stehen rund 200 Angebote zur Umweltbildung und -information f\u00fcr jedes Alter zur Wahl. Neben Bew\u00e4hrtem findet man einige Sondertermine zu anstehenden Jubil\u00e4en. Vier Bildungseinrichtungen \u2013 ein &hellip;<\/p>\n<\/div>","protected":false},"author":1,"featured_media":159319,"comment_status":"closed","ping_status":"closed","sticky":false,"template":"","format":"standard","meta":{"footnotes":""},"categories":[1],"tags":[],"class_list":["post-159313","post","type-post","status-publish","format-standard","has-post-thumbnail","hentry","category-startseite"],"_links":{"self":[{"href":"https:\/\/www.fuldaernachrichten.de\/index.php?rest_route=\/wp\/v2\/posts\/159313","targetHints":{"allow":["GET"]}}],"collection":[{"href":"https:\/\/www.fuldaernachrichten.de\/index.php?rest_route=\/wp\/v2\/posts"}],"about":[{"href":"https:\/\/www.fuldaernachrichten.de\/index.php?rest_route=\/wp\/v2\/types\/post"}],"author":[{"embeddable":true,"href":"https:\/\/www.fuldaernachrichten.de\/index.php?rest_route=\/wp\/v2\/users\/1"}],"replies":[{"embeddable":true,"href":"https:\/\/www.fuldaernachrichten.de\/index.php?rest_route=%2Fwp%2Fv2%2Fcomments&post=159313"}],"version-history":[{"count":1,"href":"https:\/\/www.fuldaernachrichten.de\/index.php?rest_route=\/wp\/v2\/posts\/159313\/revisions"}],"predecessor-version":[{"id":159322,"href":"https:\/\/www.fuldaernachrichten.de\/index.php?rest_route=\/wp\/v2\/posts\/159313\/revisions\/159322"}],"wp:featuredmedia":[{"embeddable":true,"href":"https:\/\/www.fuldaernachrichten.de\/index.php?rest_route=\/wp\/v2\/media\/159319"}],"wp:attachment":[{"href":"https:\/\/www.fuldaernachrichten.de\/index.php?rest_route=%2Fwp%2Fv2%2Fmedia&parent=159313"}],"wp:term":[{"taxonomy":"category","embeddable":true,"href":"https:\/\/www.fuldaernachrichten.de\/index.php?rest_route=%2Fwp%2Fv2%2Fcategories&post=159313"},{"taxonomy":"post_tag","embeddable":true,"href":"https:\/\/www.fuldaernachrichten.de\/index.php?rest_route=%2Fwp%2Fv2%2Ftags&post=159313"}],"curies":[{"name":"wp","href":"https:\/\/api.w.org\/{rel}","templated":true}]}}