{"id":159310,"date":"2017-01-20T09:56:53","date_gmt":"2017-01-20T08:56:53","guid":{"rendered":"http:\/\/www.fuldaer-nachrichten.de\/?p=159310"},"modified":"2017-01-20T09:57:17","modified_gmt":"2017-01-20T08:57:17","slug":"zum-professor-fuer-kirchenrecht-ernannt","status":"publish","type":"post","link":"https:\/\/www.fuldaernachrichten.de\/?p=159310","title":{"rendered":"Zum Professor f\u00fcr Kirchenrecht ernannt"},"content":{"rendered":"<p>Prof. Dr. Bernd Dennemarck (Eichst\u00e4tt) ist mit Wirkung vom 1. April zum Ordentlichen Professor f\u00fcr Kirchenrecht an der Theologischen Fakult\u00e4t Fulda ernannt worden. Die Ernennungsurkunde wurde ihm am Donnerstag von Bischof Heinz Josef Algermissen im Fuldaer Bischofshaus im Beisein seines Vorg\u00e4ngers, Prof. Dr. Lothar W\u00e4chter, und des Rektors der Theologischen Fakult\u00e4t Fulda, Prof. Dr. Christoph Gregor M\u00fcller, \u00fcberreicht.<\/p>\n<p>Dennemarck wurde 1964 in N\u00fcrnberg geboren. Er studierte in Erlangen Germanistik, Geschichte und Philosophie (Erstes Staatsexamen f\u00fcr das Lehramt an Gymnasien; Magister Artium) und in Eichst\u00e4tt katholische Theologie (Dipl.-Theol.). 1995 wurde er zum Priester der Di\u00f6zese Eichst\u00e4tt geweiht. Dennemarck war zwei Jahre im mittelfr\u00e4nkischen Schwabach Kaplan, ehe er 1997 zum Mitarbeiter ins Bisch\u00f6fliche Generalvikariat berufen wurde. Er absolvierte ein Aufbaustudium im Kirchenrecht (2001 Lizentiat, 2005 Doktorat). 2002 erfolgte die Ernennung zum Domvikar an der Kathedralkirche Eichst\u00e4tt. Zugleich wurde er zum Di\u00f6zesanrichter am Bisch\u00f6flichen Offizialat Eichst\u00e4tt, zum Besitzer in den di\u00f6zesanen Schlichtungs- und Einigungstellen und zum Mitglied im Arbeitsstab des Bisch\u00f6flichen Beauftragten f\u00fcr F\u00e4lle sexuellen Missbrauchs Minderj\u00e4hriger ernannt. Er ist Leiter der Stabsstelle Kirchenrecht der bisch\u00f6flichen Kurie Eichst\u00e4tt.<\/p>\n<p>In der Vakanz des Bistums (2005 bis 2006) war Dennemarck Stellvertreter des Di\u00f6zesanadministrators. Von 2007 bis 2010 war er Bischofsvikar f\u00fcr die Katholische Universit\u00e4t Eichst\u00e4tt-Ingolstadt, zugleich Vorsitzender bzw. Stellvertretender Vorsitzender des Stiftungsvorstands der Katholischen Universit\u00e4t. Von 2009 bis 2013 war als Hochschullehrer f\u00fcr Kirchenrecht an der Philosophisch-Theologischen Hochschule Benediktbeuern t\u00e4tig. Am 24. Oktober 2012 habilitierte er sich im Fach Kirchenrecht an der Theologischen Fakult\u00e4t der Julius-Maximilians-Universit\u00e4t W\u00fcrzburg (Dr. iur. can. habil. theol.). Er nahm verschiedene Lehrstuhlvertretungen in Wien (2011), Eichst\u00e4tt (2015) und Bochum (2015 und 2016) wahr. Er ist seit 2013 Lehrbeauftragter f\u00fcr Ostkirchenrecht am Institut f\u00fcr Kanonisches Recht der Westf\u00e4lischen Wilhelms-Universit\u00e4t M\u00fcnster, seit Sommersemester 2015 Privatdozent an der Theologischen Fakult\u00e4t der Katholischen Universit\u00e4t Eichst\u00e4tt, seit Wintersemester 2015\/16 Gastprofessor an der Philosophisch-Theologischen Hochschule Vallendar.<\/p>\n","protected":false},"excerpt":{"rendered":"<div class=\"tmnf_excerpt\"><p>Prof. Dr. Bernd Dennemarck (Eichst\u00e4tt) ist mit Wirkung vom 1. April zum Ordentlichen Professor f\u00fcr Kirchenrecht an der Theologischen Fakult\u00e4t Fulda ernannt worden. Die Ernennungsurkunde wurde ihm am Donnerstag von Bischof Heinz Josef Algermissen im Fuldaer Bischofshaus im Beisein seines Vorg\u00e4ngers, Prof. Dr. Lothar W\u00e4chter, und des Rektors der Theologischen Fakult\u00e4t Fulda, Prof. Dr. Christoph &hellip;<\/p>\n<\/div>","protected":false},"author":1,"featured_media":159331,"comment_status":"closed","ping_status":"closed","sticky":false,"template":"","format":"standard","meta":{"footnotes":""},"categories":[1],"tags":[],"class_list":["post-159310","post","type-post","status-publish","format-standard","has-post-thumbnail","hentry","category-startseite"],"_links":{"self":[{"href":"https:\/\/www.fuldaernachrichten.de\/index.php?rest_route=\/wp\/v2\/posts\/159310","targetHints":{"allow":["GET"]}}],"collection":[{"href":"https:\/\/www.fuldaernachrichten.de\/index.php?rest_route=\/wp\/v2\/posts"}],"about":[{"href":"https:\/\/www.fuldaernachrichten.de\/index.php?rest_route=\/wp\/v2\/types\/post"}],"author":[{"embeddable":true,"href":"https:\/\/www.fuldaernachrichten.de\/index.php?rest_route=\/wp\/v2\/users\/1"}],"replies":[{"embeddable":true,"href":"https:\/\/www.fuldaernachrichten.de\/index.php?rest_route=%2Fwp%2Fv2%2Fcomments&post=159310"}],"version-history":[{"count":1,"href":"https:\/\/www.fuldaernachrichten.de\/index.php?rest_route=\/wp\/v2\/posts\/159310\/revisions"}],"predecessor-version":[{"id":159330,"href":"https:\/\/www.fuldaernachrichten.de\/index.php?rest_route=\/wp\/v2\/posts\/159310\/revisions\/159330"}],"wp:featuredmedia":[{"embeddable":true,"href":"https:\/\/www.fuldaernachrichten.de\/index.php?rest_route=\/wp\/v2\/media\/159331"}],"wp:attachment":[{"href":"https:\/\/www.fuldaernachrichten.de\/index.php?rest_route=%2Fwp%2Fv2%2Fmedia&parent=159310"}],"wp:term":[{"taxonomy":"category","embeddable":true,"href":"https:\/\/www.fuldaernachrichten.de\/index.php?rest_route=%2Fwp%2Fv2%2Fcategories&post=159310"},{"taxonomy":"post_tag","embeddable":true,"href":"https:\/\/www.fuldaernachrichten.de\/index.php?rest_route=%2Fwp%2Fv2%2Ftags&post=159310"}],"curies":[{"name":"wp","href":"https:\/\/api.w.org\/{rel}","templated":true}]}}