{"id":159309,"date":"2017-01-20T09:56:40","date_gmt":"2017-01-20T08:56:40","guid":{"rendered":"http:\/\/www.fuldaer-nachrichten.de\/?p=159309"},"modified":"2017-01-20T09:56:40","modified_gmt":"2017-01-20T08:56:40","slug":"tag-der-offenen-tuer-am-freiherr-vom-stein-gymnasium-fulda-2","status":"publish","type":"post","link":"https:\/\/www.fuldaernachrichten.de\/?p=159309","title":{"rendered":"Tag der offenen T\u00fcr am Freiherr-vom-Stein-Gymnasium Fulda"},"content":{"rendered":"<p>Zu einem Tag der offenen T\u00fcr l\u00e4dt die Freiherr-vom-Stein-Schule am Freitag, 27.01.2017, von 14 bis 17 Uhr interessierte Grundschulkinder aus der vierten Klasse mit ihren Eltern ein, die im Sommer nach der Grundschule an ein Gymnasium wechseln wollen. Auch interessierte Sch\u00fclerinnen und Sch\u00fcler, die ihren mittleren Bildungsabschluss erhalten und die gymnasiale Oberstufe besuchen wollen, k\u00f6nnen sich am Tag der offenen T\u00fcr einen \u00dcberblick \u00fcber das Bildungsangebot an der Freiherr-vom-Stein-Schule verschaffen.<\/p>\n<p>Lehrkr\u00e4fte und Sch\u00fcler bieten Schulf\u00fchrungen an und stehen f\u00fcr R\u00fcckfragen zur Verf\u00fcgung. Schnupperstunden und zahlreiche Aktionen geben einen Einblick in die p\u00e4dagogischen Schwerpunkte der Freiherr-vom-Stein-Schule und in die Zertifizierung als Europaschule. U.a. werden der bilinguale Zweig, die naturwissenschaftlichen Angebote, die I-Pad-Klassen sowie die Bl\u00e4serklassen vorgestellt. Erg\u00e4nzend zu den F\u00fchrungen gibt es jeweils um 15:30 Uhr und um 16.30 Uhr in der Turnhallen-Aula die M\u00f6glichkeit, sich \u00fcber das Schulprofil der Freiherr-vom-Stein-Schule zu informieren und noch offene Fragen mit der Schulleitung zu kl\u00e4ren.<\/p>\n","protected":false},"excerpt":{"rendered":"<div class=\"tmnf_excerpt\"><p>Zu einem Tag der offenen T\u00fcr l\u00e4dt die Freiherr-vom-Stein-Schule am Freitag, 27.01.2017, von 14 bis 17 Uhr interessierte Grundschulkinder aus der vierten Klasse mit ihren Eltern ein, die im Sommer nach der Grundschule an ein Gymnasium wechseln wollen. Auch interessierte Sch\u00fclerinnen und Sch\u00fcler, die ihren mittleren Bildungsabschluss erhalten und die gymnasiale Oberstufe besuchen wollen, k\u00f6nnen &hellip;<\/p>\n<\/div>","protected":false},"author":1,"featured_media":0,"comment_status":"closed","ping_status":"closed","sticky":false,"template":"","format":"standard","meta":{"footnotes":""},"categories":[1],"tags":[],"class_list":["post-159309","post","type-post","status-publish","format-standard","hentry","category-startseite"],"_links":{"self":[{"href":"https:\/\/www.fuldaernachrichten.de\/index.php?rest_route=\/wp\/v2\/posts\/159309","targetHints":{"allow":["GET"]}}],"collection":[{"href":"https:\/\/www.fuldaernachrichten.de\/index.php?rest_route=\/wp\/v2\/posts"}],"about":[{"href":"https:\/\/www.fuldaernachrichten.de\/index.php?rest_route=\/wp\/v2\/types\/post"}],"author":[{"embeddable":true,"href":"https:\/\/www.fuldaernachrichten.de\/index.php?rest_route=\/wp\/v2\/users\/1"}],"replies":[{"embeddable":true,"href":"https:\/\/www.fuldaernachrichten.de\/index.php?rest_route=%2Fwp%2Fv2%2Fcomments&post=159309"}],"version-history":[{"count":1,"href":"https:\/\/www.fuldaernachrichten.de\/index.php?rest_route=\/wp\/v2\/posts\/159309\/revisions"}],"predecessor-version":[{"id":159328,"href":"https:\/\/www.fuldaernachrichten.de\/index.php?rest_route=\/wp\/v2\/posts\/159309\/revisions\/159328"}],"wp:attachment":[{"href":"https:\/\/www.fuldaernachrichten.de\/index.php?rest_route=%2Fwp%2Fv2%2Fmedia&parent=159309"}],"wp:term":[{"taxonomy":"category","embeddable":true,"href":"https:\/\/www.fuldaernachrichten.de\/index.php?rest_route=%2Fwp%2Fv2%2Fcategories&post=159309"},{"taxonomy":"post_tag","embeddable":true,"href":"https:\/\/www.fuldaernachrichten.de\/index.php?rest_route=%2Fwp%2Fv2%2Ftags&post=159309"}],"curies":[{"name":"wp","href":"https:\/\/api.w.org\/{rel}","templated":true}]}}