{"id":159302,"date":"2017-01-19T11:31:01","date_gmt":"2017-01-19T10:31:01","guid":{"rendered":"http:\/\/www.fuldaer-nachrichten.de\/?p=159302"},"modified":"2017-01-19T11:31:01","modified_gmt":"2017-01-19T10:31:01","slug":"anne-frank-trifft-auf-adolf-hitler","status":"publish","type":"post","link":"https:\/\/www.fuldaernachrichten.de\/?p=159302","title":{"rendered":"Anne Frank trifft auf Adolf Hitler"},"content":{"rendered":"<p>Welch ein Gegensatz: &#8220;Das Tagebuch der Anne Frank&#8221; und Adolf Hitlers &#8220;Mein Kampf&#8221;. Die Kabarettistin Marianne Blum und der Fuldaer Schriftsteller Guido Rohm lassen am Samstag, 4. Februar, in einer dramatischen Lesung die beiden Texte aufeinandertreffen. Eine spannende, bedr\u00fcckende Begegnung, die in Heubachs ehemaliger Synagoge, die ja ab 1935 auch Rathaus des Dorfes war, vor einem besonderen Hintergrund stattfindet. Der F\u00f6rderverein der Synagoge l\u00e4dt zu diesem Abend ein, der\u00c2\u00a0 aus der Vergangenheit in die Gegenwart weist. Die Veranstaltung beginnt um 19.30 Uhr. Der Eintritt ist frei; es wird um eine angemessene Spende gebeten. Platzreservierungen sind nicht m\u00f6glich.<\/p>\n<p>www.synagoge-heubach.de<\/p>\n","protected":false},"excerpt":{"rendered":"<div class=\"tmnf_excerpt\"><p>Welch ein Gegensatz: &#8220;Das Tagebuch der Anne Frank&#8221; und Adolf Hitlers &#8220;Mein Kampf&#8221;. Die Kabarettistin Marianne Blum und der Fuldaer Schriftsteller Guido Rohm lassen am Samstag, 4. Februar, in einer dramatischen Lesung die beiden Texte aufeinandertreffen. Eine spannende, bedr\u00fcckende Begegnung, die in Heubachs ehemaliger Synagoge, die ja ab 1935 auch Rathaus des Dorfes war, vor &hellip;<\/p>\n<\/div>","protected":false},"author":1,"featured_media":159304,"comment_status":"closed","ping_status":"closed","sticky":false,"template":"","format":"standard","meta":{"footnotes":""},"categories":[1],"tags":[],"class_list":["post-159302","post","type-post","status-publish","format-standard","has-post-thumbnail","hentry","category-startseite"],"_links":{"self":[{"href":"https:\/\/www.fuldaernachrichten.de\/index.php?rest_route=\/wp\/v2\/posts\/159302","targetHints":{"allow":["GET"]}}],"collection":[{"href":"https:\/\/www.fuldaernachrichten.de\/index.php?rest_route=\/wp\/v2\/posts"}],"about":[{"href":"https:\/\/www.fuldaernachrichten.de\/index.php?rest_route=\/wp\/v2\/types\/post"}],"author":[{"embeddable":true,"href":"https:\/\/www.fuldaernachrichten.de\/index.php?rest_route=\/wp\/v2\/users\/1"}],"replies":[{"embeddable":true,"href":"https:\/\/www.fuldaernachrichten.de\/index.php?rest_route=%2Fwp%2Fv2%2Fcomments&post=159302"}],"version-history":[{"count":1,"href":"https:\/\/www.fuldaernachrichten.de\/index.php?rest_route=\/wp\/v2\/posts\/159302\/revisions"}],"predecessor-version":[{"id":159305,"href":"https:\/\/www.fuldaernachrichten.de\/index.php?rest_route=\/wp\/v2\/posts\/159302\/revisions\/159305"}],"wp:featuredmedia":[{"embeddable":true,"href":"https:\/\/www.fuldaernachrichten.de\/index.php?rest_route=\/wp\/v2\/media\/159304"}],"wp:attachment":[{"href":"https:\/\/www.fuldaernachrichten.de\/index.php?rest_route=%2Fwp%2Fv2%2Fmedia&parent=159302"}],"wp:term":[{"taxonomy":"category","embeddable":true,"href":"https:\/\/www.fuldaernachrichten.de\/index.php?rest_route=%2Fwp%2Fv2%2Fcategories&post=159302"},{"taxonomy":"post_tag","embeddable":true,"href":"https:\/\/www.fuldaernachrichten.de\/index.php?rest_route=%2Fwp%2Fv2%2Ftags&post=159302"}],"curies":[{"name":"wp","href":"https:\/\/api.w.org\/{rel}","templated":true}]}}