{"id":159294,"date":"2017-01-19T11:23:43","date_gmt":"2017-01-19T10:23:43","guid":{"rendered":"http:\/\/www.fuldaer-nachrichten.de\/?p=159294"},"modified":"2017-01-19T11:23:43","modified_gmt":"2017-01-19T10:23:43","slug":"keine-heizung-keine-schule","status":"publish","type":"post","link":"https:\/\/www.fuldaernachrichten.de\/?p=159294","title":{"rendered":"Keine Heizung \u2013 keine Schule"},"content":{"rendered":"<p>Die Kreisverwaltung Vogelsberg teilt mit, dass die Grundschule in Romrod am Donnerstag und Freitag geschlossen ist. Grund: Die Heizung ist ausgefallen.<\/p>\n<p>Nach den Recherchen des Amtes f\u00fcr Schulen und Liegenschaften besteht ein Leck in der Nahw\u00e4rmeversorgungsleitung, das inzwischen gefunden wurde und gegenw\u00e4rtig repariert wird.<\/p>\n<p>Die Kreisverwaltung geht davon aus, dass der Schulbetrieb am Montag wieder normal durchgef\u00fchrt werden kann. Die Eltern sind \u00fcber eine \u201einterne Informationskette\u201c vollst\u00e4ndig \u00fcber die Schlie\u00dfung am Donnerstag und Freitag informiert.<\/p>\n","protected":false},"excerpt":{"rendered":"<div class=\"tmnf_excerpt\"><p>Die Kreisverwaltung Vogelsberg teilt mit, dass die Grundschule in Romrod am Donnerstag und Freitag geschlossen ist. Grund: Die Heizung ist ausgefallen. Nach den Recherchen des Amtes f\u00fcr Schulen und Liegenschaften besteht ein Leck in der Nahw\u00e4rmeversorgungsleitung, das inzwischen gefunden wurde und gegenw\u00e4rtig repariert wird. Die Kreisverwaltung geht davon aus, dass der Schulbetrieb am Montag wieder &hellip;<\/p>\n<\/div>","protected":false},"author":1,"featured_media":0,"comment_status":"closed","ping_status":"closed","sticky":false,"template":"","format":"standard","meta":{"footnotes":""},"categories":[1],"tags":[],"class_list":["post-159294","post","type-post","status-publish","format-standard","hentry","category-startseite"],"_links":{"self":[{"href":"https:\/\/www.fuldaernachrichten.de\/index.php?rest_route=\/wp\/v2\/posts\/159294","targetHints":{"allow":["GET"]}}],"collection":[{"href":"https:\/\/www.fuldaernachrichten.de\/index.php?rest_route=\/wp\/v2\/posts"}],"about":[{"href":"https:\/\/www.fuldaernachrichten.de\/index.php?rest_route=\/wp\/v2\/types\/post"}],"author":[{"embeddable":true,"href":"https:\/\/www.fuldaernachrichten.de\/index.php?rest_route=\/wp\/v2\/users\/1"}],"replies":[{"embeddable":true,"href":"https:\/\/www.fuldaernachrichten.de\/index.php?rest_route=%2Fwp%2Fv2%2Fcomments&post=159294"}],"version-history":[{"count":1,"href":"https:\/\/www.fuldaernachrichten.de\/index.php?rest_route=\/wp\/v2\/posts\/159294\/revisions"}],"predecessor-version":[{"id":159295,"href":"https:\/\/www.fuldaernachrichten.de\/index.php?rest_route=\/wp\/v2\/posts\/159294\/revisions\/159295"}],"wp:attachment":[{"href":"https:\/\/www.fuldaernachrichten.de\/index.php?rest_route=%2Fwp%2Fv2%2Fmedia&parent=159294"}],"wp:term":[{"taxonomy":"category","embeddable":true,"href":"https:\/\/www.fuldaernachrichten.de\/index.php?rest_route=%2Fwp%2Fv2%2Fcategories&post=159294"},{"taxonomy":"post_tag","embeddable":true,"href":"https:\/\/www.fuldaernachrichten.de\/index.php?rest_route=%2Fwp%2Fv2%2Ftags&post=159294"}],"curies":[{"name":"wp","href":"https:\/\/api.w.org\/{rel}","templated":true}]}}