{"id":15929,"date":"2008-12-09T06:00:31","date_gmt":"2008-12-09T05:00:31","guid":{"rendered":"http:\/\/www.schoene-nachrichten.de\/?p=15929"},"modified":"2008-12-09T07:44:13","modified_gmt":"2008-12-09T06:44:13","slug":"verleihung-des-kreisumweltpreises-am-12-dezember-2008","status":"publish","type":"post","link":"https:\/\/www.fuldaernachrichten.de\/?p=15929","title":{"rendered":"Verleihung des Kreisumweltpreises am 12. Dezember 2008"},"content":{"rendered":"<p><strong>Vogelsbergkreis. <\/strong>Wie Landrat Rudolf Marx mitteilt, soll der diesj\u00e4hrige Umweltpreis des Vogelsbergkreises zu Beginn der n\u00e4chsten Kreistagssitzung\u00c2\u00a0 am Freitag, 12. Dezember, um 14 Uhr in der Feldahalle in Feldatal-Gro\u00df-Felda verliehen werden. Der Umweltpreis wurde erstmals im Jahre 1987 f\u00fcr besonders herausragende Leistungen auf dem Gebiet des Umwelt- und Naturschutzes verliehen. Gem\u00e4\u00df den Vergaberichtlinien entscheidet eine Jury aufgrund entsprechender Empfehlungen des Naturschutzbeirates \u00fcber die Verleihung des Umweltpreises.<\/p>\n","protected":false},"excerpt":{"rendered":"<div class=\"tmnf_excerpt\"><p>Vogelsbergkreis. Wie Landrat Rudolf Marx mitteilt, soll der diesj\u00e4hrige Umweltpreis des Vogelsbergkreises zu Beginn der n\u00e4chsten Kreistagssitzung\u00c2\u00a0 am Freitag, 12. Dezember, um 14 Uhr in der Feldahalle in Feldatal-Gro\u00df-Felda verliehen werden. Der Umweltpreis wurde erstmals im Jahre 1987 f\u00fcr besonders herausragende Leistungen auf dem Gebiet des Umwelt- und Naturschutzes verliehen. Gem\u00e4\u00df den Vergaberichtlinien entscheidet eine &hellip;<\/p>\n<\/div>","protected":false},"author":1,"featured_media":0,"comment_status":"closed","ping_status":"closed","sticky":false,"template":"","format":"standard","meta":{"footnotes":""},"categories":[1,52],"tags":[],"class_list":["post-15929","post","type-post","status-publish","format-standard","hentry","category-startseite","category-umwelt"],"_links":{"self":[{"href":"https:\/\/www.fuldaernachrichten.de\/index.php?rest_route=\/wp\/v2\/posts\/15929","targetHints":{"allow":["GET"]}}],"collection":[{"href":"https:\/\/www.fuldaernachrichten.de\/index.php?rest_route=\/wp\/v2\/posts"}],"about":[{"href":"https:\/\/www.fuldaernachrichten.de\/index.php?rest_route=\/wp\/v2\/types\/post"}],"author":[{"embeddable":true,"href":"https:\/\/www.fuldaernachrichten.de\/index.php?rest_route=\/wp\/v2\/users\/1"}],"replies":[{"embeddable":true,"href":"https:\/\/www.fuldaernachrichten.de\/index.php?rest_route=%2Fwp%2Fv2%2Fcomments&post=15929"}],"version-history":[{"count":2,"href":"https:\/\/www.fuldaernachrichten.de\/index.php?rest_route=\/wp\/v2\/posts\/15929\/revisions"}],"predecessor-version":[{"id":15938,"href":"https:\/\/www.fuldaernachrichten.de\/index.php?rest_route=\/wp\/v2\/posts\/15929\/revisions\/15938"}],"wp:attachment":[{"href":"https:\/\/www.fuldaernachrichten.de\/index.php?rest_route=%2Fwp%2Fv2%2Fmedia&parent=15929"}],"wp:term":[{"taxonomy":"category","embeddable":true,"href":"https:\/\/www.fuldaernachrichten.de\/index.php?rest_route=%2Fwp%2Fv2%2Fcategories&post=15929"},{"taxonomy":"post_tag","embeddable":true,"href":"https:\/\/www.fuldaernachrichten.de\/index.php?rest_route=%2Fwp%2Fv2%2Ftags&post=15929"}],"curies":[{"name":"wp","href":"https:\/\/api.w.org\/{rel}","templated":true}]}}