{"id":159280,"date":"2017-01-18T18:50:02","date_gmt":"2017-01-18T17:50:02","guid":{"rendered":"http:\/\/www.fuldaer-nachrichten.de\/?p=159280"},"modified":"2017-01-18T18:50:02","modified_gmt":"2017-01-18T17:50:02","slug":"museum-fragt-wie-sehen-frauen-ihre-stadt-ausstellung-mit-plakaten-zum-internationalen-frauentag-geplant","status":"publish","type":"post","link":"https:\/\/www.fuldaernachrichten.de\/?p=159280","title":{"rendered":"Museum fragt: Wie sehen Frauen ihre Stadt? Ausstellung mit Plakaten zum internationalen Frauentag geplant"},"content":{"rendered":"<p>Zum internationalen Frauentag am 8. M\u00e4rz plant das Konrad-Zuse-Museum mit Stadt- und Kreisgeschichte eine besondere Plakatausstellung \u00fcber und von Frauen aus H\u00fcnfeld. Dazu l\u00e4dt das Museum Frauen ein, sich durch die Gestaltung von Plakaten mit ihrer Heimatstadt H\u00fcnfeld auseinanderzusetzen.<\/p>\n<p>Die Ausstellung soll vom 5. bis 26. M\u00e4rz im Museum gezeigt werden. Zum Abschluss der H\u00fcnfelder Frauenwoche werden sich am 12. M\u00e4rz um 15 Uhr Frauen, die sich an der Aktion beteiligen, in entspannter Runde im Museum treffen. Die Museumsleiterin Ute Schneider hat als erste Anregung f\u00fcr die Gestaltung der Plakate folgende Satzanf\u00e4nge formuliert: \u201eIch lebe gern in H\u00fcnfeld, weil\u00e2\u20ac\u00a6\u201c, \u201eIch f\u00fchle mich wohl in H\u00fcnfeld, weil\u00e2\u20ac\u00a6\u201c, \u201eIch vermisse in H\u00fcnfeld\u00e2\u20ac\u00a6\u201c, \u201eIch besch\u00e4ftige mich in H\u00fcnfeld mit \u00e2\u20ac\u00a6\u201c, \u201eIch w\u00fcnsche mir in H\u00fcnfeld\u00e2\u20ac\u00a6\u201c. Dies sollen nur Anregungen sein. Frauen, die sich mit ihrem Plakat zu H\u00fcnfeld mitteilen wollen, k\u00f6nnen dies v\u00f6llig offen tun. Auch bei den Techniken gibt es keine Vorgaben, so k\u00f6nnen Bilder, Fotos, Zeichnungen, Collagen, aber auch einzelne Gegenst\u00e4nde, die etwas \u00fcber die eigene Person aussagen, in die Ausstellung mit aufgenommen werden. Diese Ausstellung soll im Ergebnis ein Spiegelbild von Frauen in H\u00fcnfeld werden. Deshalb lade das Museum Frauen dazu ein, dieses Bild mitzugestalten. F\u00fcr weitere Informationen und Unterst\u00fctzung k\u00f6nnen sich die Frauen an das Museum wenden: dienstags von 15 bis 17 Uhr direkt im Museum oder telefonisch unter 06652\/919884. Die Plakate sollen bis zum 26. Februar fertiggestellt werden.<\/p>\n","protected":false},"excerpt":{"rendered":"<div class=\"tmnf_excerpt\"><p>Zum internationalen Frauentag am 8. M\u00e4rz plant das Konrad-Zuse-Museum mit Stadt- und Kreisgeschichte eine besondere Plakatausstellung \u00fcber und von Frauen aus H\u00fcnfeld. Dazu l\u00e4dt das Museum Frauen ein, sich durch die Gestaltung von Plakaten mit ihrer Heimatstadt H\u00fcnfeld auseinanderzusetzen. Die Ausstellung soll vom 5. bis 26. M\u00e4rz im Museum gezeigt werden. Zum Abschluss der H\u00fcnfelder &hellip;<\/p>\n<\/div>","protected":false},"author":1,"featured_media":0,"comment_status":"closed","ping_status":"closed","sticky":false,"template":"","format":"standard","meta":{"footnotes":""},"categories":[1],"tags":[],"class_list":["post-159280","post","type-post","status-publish","format-standard","hentry","category-startseite"],"_links":{"self":[{"href":"https:\/\/www.fuldaernachrichten.de\/index.php?rest_route=\/wp\/v2\/posts\/159280","targetHints":{"allow":["GET"]}}],"collection":[{"href":"https:\/\/www.fuldaernachrichten.de\/index.php?rest_route=\/wp\/v2\/posts"}],"about":[{"href":"https:\/\/www.fuldaernachrichten.de\/index.php?rest_route=\/wp\/v2\/types\/post"}],"author":[{"embeddable":true,"href":"https:\/\/www.fuldaernachrichten.de\/index.php?rest_route=\/wp\/v2\/users\/1"}],"replies":[{"embeddable":true,"href":"https:\/\/www.fuldaernachrichten.de\/index.php?rest_route=%2Fwp%2Fv2%2Fcomments&post=159280"}],"version-history":[{"count":1,"href":"https:\/\/www.fuldaernachrichten.de\/index.php?rest_route=\/wp\/v2\/posts\/159280\/revisions"}],"predecessor-version":[{"id":159288,"href":"https:\/\/www.fuldaernachrichten.de\/index.php?rest_route=\/wp\/v2\/posts\/159280\/revisions\/159288"}],"wp:attachment":[{"href":"https:\/\/www.fuldaernachrichten.de\/index.php?rest_route=%2Fwp%2Fv2%2Fmedia&parent=159280"}],"wp:term":[{"taxonomy":"category","embeddable":true,"href":"https:\/\/www.fuldaernachrichten.de\/index.php?rest_route=%2Fwp%2Fv2%2Fcategories&post=159280"},{"taxonomy":"post_tag","embeddable":true,"href":"https:\/\/www.fuldaernachrichten.de\/index.php?rest_route=%2Fwp%2Fv2%2Ftags&post=159280"}],"curies":[{"name":"wp","href":"https:\/\/api.w.org\/{rel}","templated":true}]}}