{"id":159274,"date":"2017-01-18T18:49:24","date_gmt":"2017-01-18T17:49:24","guid":{"rendered":"http:\/\/www.fuldaer-nachrichten.de\/?p=159274"},"modified":"2017-01-18T18:49:24","modified_gmt":"2017-01-18T17:49:24","slug":"offizial-prof-dr-waechter-65-jahre","status":"publish","type":"post","link":"https:\/\/www.fuldaernachrichten.de\/?p=159274","title":{"rendered":"Offizial Prof. Dr. W\u00e4chter 65 Jahre"},"content":{"rendered":"<p>Der Offizial des Bistums Fulda, Domkapitular Pr\u00e4lat Prof. Dr. Lothar W\u00e4chter, kann am 22. Januar seinen 65. Geburtstag begehen.<\/p>\n<p>Dr. W\u00e4chter wurde am 22. Januar 1952 in Lengers (Heringen) geboren. Im Geburtsjahr erkrankte er an Kinderl\u00e4hmung, was zu einer dauerhaften schweren K\u00f6rperbehinderung f\u00fchrte. Nach dem Besuch der Realschule Philippsthal wechselte er an das Gymnasium \u201eWerratalschule\u201c in Heringen, wo er 1971 das Abitur ablegte. Zum Wintersemester 1971\/1972 trat er in das Priesterseminar in Fulda ein. Seine philosophisch-theologischen Studien absolvierte er in Fulda und W\u00fcrzburg. Am 26. Juni 1977 wurde er im Hohen Dom zu Fulda von Bischof Eduard Schick zum Priester geweiht. Im August 1977 kam W\u00e4chter als Kaplan in die Pfarrei St. Bonifatius nach Kassel. Im Jahr darauf wurde er zum Studium des Kirchenrechts am Kanonistischen Institut der Universit\u00e4t M\u00fcnchen freigestellt, wo er seine Studien 1986 mit der Promotion zum Lizentiaten des Kanonischen Rechts und im Februar 1987 mit der Promotion zum Doktorat des Kanonischen Rechts abschloss. Von Februar 1980 bis Ende Dezember 1984 war er zugleich Hausgeistlicher im Kloster der Armen Schulschwestern von Unserer Lieben Frau in M\u00fcnchen-Giesing. Bereits Anfang 1985 war W\u00e4chter zum Offizialatsassessor am Bisch\u00f6flichen Offizialat in Fulda ernannt worden. Seine Ernennung zum Di\u00f6zesanrichter in Fulda erfolgte im Dezember 1986.<\/p>\n<p>Seit 1988 Vizeoffizial, wurde Dr. W\u00e4chter zum 1. Februar 1994 durch Erzbischof Johannes Dyba zum Vertreter des Di\u00f6zesanbischofs im Gerichtsbereich (Offizial) ernannt. In diesem Amt wurde er seit 2001 regelm\u00e4\u00dfig von Bischof Heinz Josef Algermissen best\u00e4tigt. Papst Johannes Paul II. ernannte Dr. W\u00e4chter, der von 1991 bis 1996 auch das Amt des Di\u00f6zesanfrauenseelsorgers und des Di\u00f6zesanpr\u00e4ses der kfd im Bistum Fulda innehatte, 1995 zum \u201eP\u00e4pstlichen Kaplan\u201c (Monsignore). Seit 1999 ist Dr. W\u00e4chter zus\u00e4tzlich zu seinen Verpflichtungen als Mitglied in einer Vielzahl von Beratungsgremien des Bistums (wie Geistlicher Rat, Priesterrat, Dechantenkonferenz), in Erarbeitung und Vortrag von kirchenrechtlichen Stellungnahmen und Entscheidungen eingebunden.<\/p>\n<p>Am 1. November 2002 wurde Dr. W\u00e4chter zum Domkapitular berufen und ist zugleich seit dem Jahre 2002 in der Stabsstelle Kirchenrecht des Bisch\u00f6flichen Generalvikariats t\u00e4tig, zu deren Leiter er im Jahre 2005 ernannt wurde. In dieser Funktion war Dr. W\u00e4chter an der Erarbeitung einer Vielzahl von bisch\u00f6flichen Gesetzesentw\u00fcrfen und gutachterlichen Stellungnahmen im verwaltungsrechtlichen Bereich des Bistums Fulda beteiligt.<\/p>\n<p>Nachdem Dr. W\u00e4chter bereits im Wintersemester 2001\/2002 den Lehrstuhlinhaber f\u00fcr Kirchenrecht, Prof. Dr. Ludwig Schick, an der Theologischen Fakult\u00e4t vertreten hatte, erhielt er im Juni 2002 f\u00fcr das Wintersemester 2002\/2003 einen Lehrauftrag f\u00fcr das Fach Kirchenrecht. Mit Wirkung vom 1. September 2003 wurde er zum ordentlichen Professor f\u00fcr Kirchenrecht an der Theologischen Fakult\u00e4t Fulda ernannt. In dieser Aufgabe widmet er sich zugleich der kirchenrechtlichen Fortbildung der Diakone und Kapl\u00e4ne des Bistums. Im Jahre 2006 ernannte ihn Papst Benedikt XVI. zum P\u00e4pstlichen Ehrenpr\u00e4laten.<\/p>\n<p>W\u00e4chter ist neben seiner T\u00e4tigkeit im kategorialen Bereich der Seelsorge die Begegnung mit den Menschen in der Pfarreiseelsorge wichtig. Nach seiner T\u00e4tigkeit als Subsidiar (mitarbeitender Priester) von April 1987 bis Oktober 2010 in der Pfarrei St. Georg zu Gro\u00dfenl\u00fcder ist Dr. W\u00e4chter auch weiterhin in der Pfarreiseelsorge unterst\u00fctzend t\u00e4tig.<\/p>\n","protected":false},"excerpt":{"rendered":"<div class=\"tmnf_excerpt\"><p>Der Offizial des Bistums Fulda, Domkapitular Pr\u00e4lat Prof. Dr. Lothar W\u00e4chter, kann am 22. Januar seinen 65. Geburtstag begehen. Dr. W\u00e4chter wurde am 22. Januar 1952 in Lengers (Heringen) geboren. Im Geburtsjahr erkrankte er an Kinderl\u00e4hmung, was zu einer dauerhaften schweren K\u00f6rperbehinderung f\u00fchrte. Nach dem Besuch der Realschule Philippsthal wechselte er an das Gymnasium \u201eWerratalschule\u201c &hellip;<\/p>\n<\/div>","protected":false},"author":1,"featured_media":0,"comment_status":"closed","ping_status":"closed","sticky":false,"template":"","format":"standard","meta":{"footnotes":""},"categories":[1],"tags":[],"class_list":["post-159274","post","type-post","status-publish","format-standard","hentry","category-startseite"],"_links":{"self":[{"href":"https:\/\/www.fuldaernachrichten.de\/index.php?rest_route=\/wp\/v2\/posts\/159274","targetHints":{"allow":["GET"]}}],"collection":[{"href":"https:\/\/www.fuldaernachrichten.de\/index.php?rest_route=\/wp\/v2\/posts"}],"about":[{"href":"https:\/\/www.fuldaernachrichten.de\/index.php?rest_route=\/wp\/v2\/types\/post"}],"author":[{"embeddable":true,"href":"https:\/\/www.fuldaernachrichten.de\/index.php?rest_route=\/wp\/v2\/users\/1"}],"replies":[{"embeddable":true,"href":"https:\/\/www.fuldaernachrichten.de\/index.php?rest_route=%2Fwp%2Fv2%2Fcomments&post=159274"}],"version-history":[{"count":1,"href":"https:\/\/www.fuldaernachrichten.de\/index.php?rest_route=\/wp\/v2\/posts\/159274\/revisions"}],"predecessor-version":[{"id":159283,"href":"https:\/\/www.fuldaernachrichten.de\/index.php?rest_route=\/wp\/v2\/posts\/159274\/revisions\/159283"}],"wp:attachment":[{"href":"https:\/\/www.fuldaernachrichten.de\/index.php?rest_route=%2Fwp%2Fv2%2Fmedia&parent=159274"}],"wp:term":[{"taxonomy":"category","embeddable":true,"href":"https:\/\/www.fuldaernachrichten.de\/index.php?rest_route=%2Fwp%2Fv2%2Fcategories&post=159274"},{"taxonomy":"post_tag","embeddable":true,"href":"https:\/\/www.fuldaernachrichten.de\/index.php?rest_route=%2Fwp%2Fv2%2Ftags&post=159274"}],"curies":[{"name":"wp","href":"https:\/\/api.w.org\/{rel}","templated":true}]}}