{"id":159273,"date":"2017-01-18T18:49:07","date_gmt":"2017-01-18T17:49:07","guid":{"rendered":"http:\/\/www.fuldaer-nachrichten.de\/?p=159273"},"modified":"2017-01-18T18:49:07","modified_gmt":"2017-01-18T17:49:07","slug":"vier-massnahmen-beim-hessischen-verkehrsministerium-zur-foerderung-angemeldet-ausbau-von-kreisstrassen","status":"publish","type":"post","link":"https:\/\/www.fuldaernachrichten.de\/?p=159273","title":{"rendered":"Vier Ma\u00dfnahmen beim hessischen Verkehrsministerium zur F\u00f6rderung angemeldet &#8211; Ausbau von Kreisstra\u00dfen"},"content":{"rendered":"<p>Im Rahmen des mittelfristigen Programms f\u00fcr den Ausbau der Kreisstra\u00dfen hat der Landkreis Fulda vier Ma\u00dfnahmen beim hessischen Verkehrsministerium zur F\u00f6rderung aus Mitteln des Gemeindewegefinanzierungsgesetzes (GVFG) angemeldet. Dies sind der Ausbau der K 139 in der Ortsdurchfahrt Burghaun, der Ausbau der K 88 von der Ortsdurchfahrt Magdlos bis zur L 3141 bei D\u00f6ngesm\u00fchle (1. Bauabschnitt), der Ausbau der K 103 von der Ortsdurchfahrt Harmerz bis zur Ortsdurchfahrt Johannesberg sowie der Ausbau der Ortsdurchfahrt Rothemann und die freie Strecke in Richtung Welkers. Als weitere Ma\u00dfnahme k\u00f6nnte der Ausbau der K 61 von der Ortsdurchfahrt Keulos bis zur L 3429 nachr\u00fccken, wenn von anderen Landkreisen GVFG-Mittel nicht abgerufen werden sollten.<\/p>\n","protected":false},"excerpt":{"rendered":"<div class=\"tmnf_excerpt\"><p>Im Rahmen des mittelfristigen Programms f\u00fcr den Ausbau der Kreisstra\u00dfen hat der Landkreis Fulda vier Ma\u00dfnahmen beim hessischen Verkehrsministerium zur F\u00f6rderung aus Mitteln des Gemeindewegefinanzierungsgesetzes (GVFG) angemeldet. Dies sind der Ausbau der K 139 in der Ortsdurchfahrt Burghaun, der Ausbau der K 88 von der Ortsdurchfahrt Magdlos bis zur L 3141 bei D\u00f6ngesm\u00fchle (1. Bauabschnitt), &hellip;<\/p>\n<\/div>","protected":false},"author":1,"featured_media":0,"comment_status":"closed","ping_status":"closed","sticky":false,"template":"","format":"standard","meta":{"footnotes":""},"categories":[1],"tags":[],"class_list":["post-159273","post","type-post","status-publish","format-standard","hentry","category-startseite"],"_links":{"self":[{"href":"https:\/\/www.fuldaernachrichten.de\/index.php?rest_route=\/wp\/v2\/posts\/159273","targetHints":{"allow":["GET"]}}],"collection":[{"href":"https:\/\/www.fuldaernachrichten.de\/index.php?rest_route=\/wp\/v2\/posts"}],"about":[{"href":"https:\/\/www.fuldaernachrichten.de\/index.php?rest_route=\/wp\/v2\/types\/post"}],"author":[{"embeddable":true,"href":"https:\/\/www.fuldaernachrichten.de\/index.php?rest_route=\/wp\/v2\/users\/1"}],"replies":[{"embeddable":true,"href":"https:\/\/www.fuldaernachrichten.de\/index.php?rest_route=%2Fwp%2Fv2%2Fcomments&post=159273"}],"version-history":[{"count":1,"href":"https:\/\/www.fuldaernachrichten.de\/index.php?rest_route=\/wp\/v2\/posts\/159273\/revisions"}],"predecessor-version":[{"id":159281,"href":"https:\/\/www.fuldaernachrichten.de\/index.php?rest_route=\/wp\/v2\/posts\/159273\/revisions\/159281"}],"wp:attachment":[{"href":"https:\/\/www.fuldaernachrichten.de\/index.php?rest_route=%2Fwp%2Fv2%2Fmedia&parent=159273"}],"wp:term":[{"taxonomy":"category","embeddable":true,"href":"https:\/\/www.fuldaernachrichten.de\/index.php?rest_route=%2Fwp%2Fv2%2Fcategories&post=159273"},{"taxonomy":"post_tag","embeddable":true,"href":"https:\/\/www.fuldaernachrichten.de\/index.php?rest_route=%2Fwp%2Fv2%2Ftags&post=159273"}],"curies":[{"name":"wp","href":"https:\/\/api.w.org\/{rel}","templated":true}]}}