{"id":159272,"date":"2017-01-18T18:48:49","date_gmt":"2017-01-18T17:48:49","guid":{"rendered":"http:\/\/www.fuldaer-nachrichten.de\/?p=159272"},"modified":"2017-01-18T18:48:49","modified_gmt":"2017-01-18T17:48:49","slug":"bildungsbuero-fuer-die-region-fulda-stellt-sich-am-31-januar-erstmals-der-fachoeffentlichkeit-vor","status":"publish","type":"post","link":"https:\/\/www.fuldaernachrichten.de\/?p=159272","title":{"rendered":"Bildungsb\u00fcro f\u00fcr die Region Fulda stellt sich am 31. Januar erstmals der Fach\u00f6ffentlichkeit vor"},"content":{"rendered":"<p>Bildung endet nicht nach der Schule oder nach der Ausbildung. Bildung begleitet uns ein Leben lang. Sie ist der Schl\u00fcssel f\u00fcr Teilhabe, Demokratisierung und Integration. Zudem spielt Bildung auch als Standortfaktor &#8211; insbesondere im l\u00e4ndlichen Raum &#8211; eine wachsende Rolle.<\/p>\n<p>Damit sich unsere Bildungsregion zu einer \u201eBildungslandschaft von morgen\u201c weiterentwickeln kann, hat der Landkreis Fulda mit finanzieller Unterst\u00fctzung des Bundesministeriums f\u00fcr Bildung und Forschung ein Bildungsb\u00fcro f\u00fcr die Region Fulda eingerichtet. Inhaltlich wird das Bildungsb\u00fcro von der Transferagentur Hessen unterst\u00fctzt, die das Projekt auch wissenschaftlich begleitet.<\/p>\n<p>Die Hauptaufgaben des Bildungsb\u00fcros, das mit sechs Mitarbeiterinnen und Mitarbeitern besetzt ist und sich in den R\u00e4umlichkeiten der Volkshochschule des Landkreises im Gallasiniring 30 in Fulda befindet, lauten: Bildungsmonitoring, Bildungsmanagement sowie Koordinierung der Bildungsangebote f\u00fcr Neuzugewanderte.<\/p>\n<p>\u201eDas Team des Bildungsb\u00fcros will verf\u00fcgbare Bildungsangebote, Bildungsbedarfe sowie zu schlie\u00dfende Bildungsl\u00fccken transparent machen und entsprechende Strukturen schaffen, damit sich die hiesige Bildungsregion gezielt weiterentwickeln kann\u201c, erl\u00e4utert Bildungsmanager Matthias Feuerstein. \u201eEs gibt viele Indikatoren, die Aufschluss dar\u00fcber geben, wie gut Bildung in einer Region funktioniert.\u201c Daher fu\u00dfe die Arbeit des Bildungsb\u00fcros auf einer datenbasierten Bestandsaufnahme sowie einer kontinuierlichen Datenanalyse.<\/p>\n<p>Korrespondierend zu den gewonnenen Daten und den daraus abgeleiteten Handlungsfeldern sollen im Rahmen des kommunalen Bildungsmanagements unter anderem die Vernetzung der Bildungsakteure vorangetrieben, Fachgremien aufgebaut und begleitet sowie attraktive Bildungsangebote sichergestellt werden. Dar\u00fcber hinaus sei es angedacht, Fachveranstaltungen zu organisieren, Strategien bei akuten Bedarfslagen im Bildungsbereich zu entwickeln und regelm\u00e4\u00dfig Bildungsberichte zu ver\u00f6ffentlichen.<\/p>\n<p>Ein weiteres wichtiges Arbeitsfeld im Bildungsb\u00fcro ist die Koordinierung der Bildungsangebote f\u00fcr Gefl\u00fcchtete. \u201eIn den vergangenen zwei Jahren hat hier der Fokus auf Deutschsprachkursen gelegen. Das wird sich zuk\u00fcnftig auf passgenaue Bildungsangebote erweitern, die von der fr\u00fchkindlichen \u00fcber die berufliche bis hin zur gesellschaftlich-kulturellen Bildung reichen\u201c, erkl\u00e4rt Feuerstein. In diesem Angebotsfeld solle f\u00fcr alle Beteiligten Transparenz geschaffen und die sozialr\u00e4umliche Zusammenarbeit gest\u00e4rkt werden.<\/p>\n<p>Am Dienstag, dem 31. Januar 2017, wird sich das neu gegr\u00fcndete Bildungsb\u00fcro f\u00fcr die Region Fulda erstmals der Fach\u00f6ffentlichkeit vorstellen. Die Auftaktveranstaltung wird um 19 Uhr im Kanzlerpalais er\u00f6ffnet und mit einem Fachvortrag vertieft. Professor Dr. Martina Ritter, Soziologin und Dekanin im Fachbereich Sozialwesen an der Hochschule Fulda, wird zum Thema \u201eBildung erm\u00f6glicht Teilhabe: f\u00fcr eine Demokratie mit Zukunft\u201c referieren.<\/p>\n<p>Kontakt:<br \/>\nBildungsb\u00fcro im Landkreis Fulda\u00e2\u20ac\u00a8Gallasiniring 30 \u00e2\u20ac\u00a836043 Fulda\u00e2\u20ac\u00a8Tel. (0661)6006-1652\u00e2\u20ac\u00a8E-Mail: bildungsbuero@landkreis-fulda.de<\/p>\n<p>Bild: Das Team des Bildungsb\u00fcros (v.li): Barbara B\u00f6cher, Matthias Feuerstein, Uta Riegel, Meike M\u00fcck und Carmen Farnung. Es fehlt Khulud Sharif Ali.<\/p>\n","protected":false},"excerpt":{"rendered":"<div class=\"tmnf_excerpt\"><p>Bildung endet nicht nach der Schule oder nach der Ausbildung. Bildung begleitet uns ein Leben lang. Sie ist der Schl\u00fcssel f\u00fcr Teilhabe, Demokratisierung und Integration. Zudem spielt Bildung auch als Standortfaktor &#8211; insbesondere im l\u00e4ndlichen Raum &#8211; eine wachsende Rolle. Damit sich unsere Bildungsregion zu einer \u201eBildungslandschaft von morgen\u201c weiterentwickeln kann, hat der Landkreis Fulda &hellip;<\/p>\n<\/div>","protected":false},"author":1,"featured_media":159278,"comment_status":"closed","ping_status":"closed","sticky":false,"template":"","format":"standard","meta":{"footnotes":""},"categories":[1],"tags":[],"class_list":["post-159272","post","type-post","status-publish","format-standard","has-post-thumbnail","hentry","category-startseite"],"_links":{"self":[{"href":"https:\/\/www.fuldaernachrichten.de\/index.php?rest_route=\/wp\/v2\/posts\/159272","targetHints":{"allow":["GET"]}}],"collection":[{"href":"https:\/\/www.fuldaernachrichten.de\/index.php?rest_route=\/wp\/v2\/posts"}],"about":[{"href":"https:\/\/www.fuldaernachrichten.de\/index.php?rest_route=\/wp\/v2\/types\/post"}],"author":[{"embeddable":true,"href":"https:\/\/www.fuldaernachrichten.de\/index.php?rest_route=\/wp\/v2\/users\/1"}],"replies":[{"embeddable":true,"href":"https:\/\/www.fuldaernachrichten.de\/index.php?rest_route=%2Fwp%2Fv2%2Fcomments&post=159272"}],"version-history":[{"count":1,"href":"https:\/\/www.fuldaernachrichten.de\/index.php?rest_route=\/wp\/v2\/posts\/159272\/revisions"}],"predecessor-version":[{"id":159279,"href":"https:\/\/www.fuldaernachrichten.de\/index.php?rest_route=\/wp\/v2\/posts\/159272\/revisions\/159279"}],"wp:featuredmedia":[{"embeddable":true,"href":"https:\/\/www.fuldaernachrichten.de\/index.php?rest_route=\/wp\/v2\/media\/159278"}],"wp:attachment":[{"href":"https:\/\/www.fuldaernachrichten.de\/index.php?rest_route=%2Fwp%2Fv2%2Fmedia&parent=159272"}],"wp:term":[{"taxonomy":"category","embeddable":true,"href":"https:\/\/www.fuldaernachrichten.de\/index.php?rest_route=%2Fwp%2Fv2%2Fcategories&post=159272"},{"taxonomy":"post_tag","embeddable":true,"href":"https:\/\/www.fuldaernachrichten.de\/index.php?rest_route=%2Fwp%2Fv2%2Ftags&post=159272"}],"curies":[{"name":"wp","href":"https:\/\/api.w.org\/{rel}","templated":true}]}}