{"id":159263,"date":"2017-01-18T18:46:53","date_gmt":"2017-01-18T17:46:53","guid":{"rendered":"http:\/\/www.fuldaer-nachrichten.de\/?p=159263"},"modified":"2017-01-18T18:46:53","modified_gmt":"2017-01-18T17:46:53","slug":"neubau-des-jumo-sensorwerks-verzoegert-sich","status":"publish","type":"post","link":"https:\/\/www.fuldaernachrichten.de\/?p=159263","title":{"rendered":"Neubau des JUMO Sensorwerks verz\u00f6gert sich"},"content":{"rendered":"<p>Im November 2013 hat die JUMO GmbH &amp; Co. KG mit dem Kauf eines Grundst\u00fccks im Fuldaer Industriegebiet West den Startschuss f\u00fcr den Neubau eines Sensorwerks gegeben. Im Januar 2016 wurde aufgrund der weltwirtschaftlichen Lage eine neue Zeitplanung beschlossen. Jetzt wurde der Baubeginn f\u00fcr das neue Werk auf fr\u00fchestens 2019 festgelegt.<\/p>\n<p>\u201eEin Projekt in dieser finanziellen und organisatorischen Dimension hat es f\u00fcr JUMO bisher noch nie gegeben. Im Sinne unserer Mitarbeiterinnen und Mitarbeiter und unserer Kunden m\u00fcssen wir deshalb sehr genau pr\u00fcfen, wann der richtige Zeitpunkt f\u00fcr den Neubau ist\u201c, so JUMO-Pressesprecher Michael Brosig.<\/p>\n<p>\u201eDie JUMO-Unternehmensgruppe ist in den Jahren nach der Finanzkrise 2009 weit \u00fcberdurchschnittlich gewachsen. Zwischen 2010 und 2014 ist der Umsatz um 23 Prozent gestiegen. Ein weiteres Wachstum in dieser Gr\u00f6\u00dfenordnung w\u00e4re an den bestehenden Standorten in der Moritz-Juchheim-Stra\u00dfe und im Gewerbegebiet Eisweiher nicht mehr zu bew\u00e4ltigen gewesen\u201c, erl\u00e4utert Michael Brosig. So sei der Plan f\u00fcr den Neubau des Sensorwerks entstanden.<\/p>\n<p>Jedoch haben verschiedene Faktoren das Wachstum in den letzten Jahren stark gebremst. Dazu geh\u00f6ren zum Beispiel der zunehmende Preis- und Wettbewerbsdruck auf dem Sensormarkt, die europ\u00e4ische Schuldenkrise oder die politische Situation in verschiedenen L\u00e4ndern. Unter diesen Faktoren habe laut Brosig die gesamte Branche zu leiden.<br \/>\nDeshalb musste diskutiert werden, welches Umsatzwachstum wie lange an den bestehenden Standorten realisierbar sei. Das Ergebnis war, dass zumindest bis 2019 auch ohne einen Neubau alle Ziele erreicht werden k\u00f6nnen.<\/p>\n<p>\u201eEines darf man dabei nicht vergessen: Unabh\u00e4ngig von der Umsatzentwicklung ist JUMO ein wirtschaftlich kerngesundes, leistungsf\u00e4higes und ertragsstarkes Unternehmen. Deshalb halten wir nach wie vor an unserem Plan fest, ein Sensorwerk zu bauen, das die Zukunftsf\u00e4higkeit der Unternehmensgruppe und die Arbeitspl\u00e4tze am Standort Fulda langfristig sichert\u201c, fasst Brosig zusammen.<\/p>\n<p>Bildunterschrift: JUMO w\u00e4chst vorerst an den bestehenden Standorten (hier das Stammhaus in der Moritz-Juchheim-Stra\u00dfe). Baustart f\u00fcr das neue Sensorwerk ist fr\u00fchestens 2019.<\/p>\n","protected":false},"excerpt":{"rendered":"<div class=\"tmnf_excerpt\"><p>Im November 2013 hat die JUMO GmbH &amp; Co. KG mit dem Kauf eines Grundst\u00fccks im Fuldaer Industriegebiet West den Startschuss f\u00fcr den Neubau eines Sensorwerks gegeben. Im Januar 2016 wurde aufgrund der weltwirtschaftlichen Lage eine neue Zeitplanung beschlossen. Jetzt wurde der Baubeginn f\u00fcr das neue Werk auf fr\u00fchestens 2019 festgelegt. \u201eEin Projekt in dieser &hellip;<\/p>\n<\/div>","protected":false},"author":1,"featured_media":159270,"comment_status":"closed","ping_status":"closed","sticky":false,"template":"","format":"standard","meta":{"footnotes":""},"categories":[1],"tags":[],"class_list":["post-159263","post","type-post","status-publish","format-standard","has-post-thumbnail","hentry","category-startseite"],"_links":{"self":[{"href":"https:\/\/www.fuldaernachrichten.de\/index.php?rest_route=\/wp\/v2\/posts\/159263","targetHints":{"allow":["GET"]}}],"collection":[{"href":"https:\/\/www.fuldaernachrichten.de\/index.php?rest_route=\/wp\/v2\/posts"}],"about":[{"href":"https:\/\/www.fuldaernachrichten.de\/index.php?rest_route=\/wp\/v2\/types\/post"}],"author":[{"embeddable":true,"href":"https:\/\/www.fuldaernachrichten.de\/index.php?rest_route=\/wp\/v2\/users\/1"}],"replies":[{"embeddable":true,"href":"https:\/\/www.fuldaernachrichten.de\/index.php?rest_route=%2Fwp%2Fv2%2Fcomments&post=159263"}],"version-history":[{"count":1,"href":"https:\/\/www.fuldaernachrichten.de\/index.php?rest_route=\/wp\/v2\/posts\/159263\/revisions"}],"predecessor-version":[{"id":159271,"href":"https:\/\/www.fuldaernachrichten.de\/index.php?rest_route=\/wp\/v2\/posts\/159263\/revisions\/159271"}],"wp:featuredmedia":[{"embeddable":true,"href":"https:\/\/www.fuldaernachrichten.de\/index.php?rest_route=\/wp\/v2\/media\/159270"}],"wp:attachment":[{"href":"https:\/\/www.fuldaernachrichten.de\/index.php?rest_route=%2Fwp%2Fv2%2Fmedia&parent=159263"}],"wp:term":[{"taxonomy":"category","embeddable":true,"href":"https:\/\/www.fuldaernachrichten.de\/index.php?rest_route=%2Fwp%2Fv2%2Fcategories&post=159263"},{"taxonomy":"post_tag","embeddable":true,"href":"https:\/\/www.fuldaernachrichten.de\/index.php?rest_route=%2Fwp%2Fv2%2Ftags&post=159263"}],"curies":[{"name":"wp","href":"https:\/\/api.w.org\/{rel}","templated":true}]}}