{"id":159262,"date":"2017-01-18T18:46:09","date_gmt":"2017-01-18T17:46:09","guid":{"rendered":"http:\/\/www.fuldaer-nachrichten.de\/?p=159262"},"modified":"2017-01-18T18:46:09","modified_gmt":"2017-01-18T17:46:09","slug":"interessante-flaeche-fuer-sozialen-wohnungsbau-einseitige-verkehrspolitik-wird-kritisch-hinterfragt","status":"publish","type":"post","link":"https:\/\/www.fuldaernachrichten.de\/?p=159262","title":{"rendered":"Interessante Fl\u00e4che f\u00fcr sozialen Wohnungsbau &#8211; Einseitige Verkehrspolitik wird kritisch hinterfragt"},"content":{"rendered":"<p>Die Stadtfraktion Die Linke.Offene Liste \/ Menschen f\u00fcr Fulda teilt die Einsch\u00e4tzung, dass dem Areal der Schrebergartenanlage Waidesgrund ein gro\u00dfes Entwicklungspotential innewohnt. &#8220;Die Nachfrage nach weiteren 150 bis 200 Wohnungen ist sicher da. Gebraucht werden jedoch Sozialwohnungen und &#8216;nicht gebundener&#8217; bezahlbarer Wohnraum, da in der Innenstadt in den letzten Jahren insbesondere hochpreisige Wohnanlagen errichtet wurden. Das birgt die Gefahr einer Verdr\u00e4ngung von einkommensschw\u00e4cheren Bev\u00f6lkerungsschichten. Das wollen wir verhindern. selbst &#8216;Normalverdiener&#8217; haben mittlerweile gro\u00dfe Probleme, im Stadtzentrum bezahlbare Wohnungen zu finden&#8221;, spricht Sozialausschussvertreterin Dajana Andre ein wachsendes Problem an. &#8220;Und ich f\u00fcrchte, die Problematik hat noch lange nicht ihren Zenit erreicht \u2013 man schaue sich nur den steigenden Anteil der prek\u00e4ren Besch\u00e4ftigungsverh\u00e4ltnisse (Leiharbeit, Zeitarbeit, geringf\u00fcgig Besch\u00e4ftigte\u00e2\u20ac\u00a6) an.&#8221;<\/p>\n<p>&#8220;Wenn der Stadtraum baulich verdichtet wird und die Zahl der hier lebenden Menschen steigt, wird auch die Nachfrage nach Erholungsraum und G\u00e4rten steigen. Daher sehen wir es sehr kritisch, die Kleingartenanlage ersatzlos zu streichen&#8221;, f\u00fchrt Frau Andre einen anderen Aspekt an.<\/p>\n<p>&#8220;Eine offene Frage ist f\u00fcr mich zudem, dass der Mietpreis der in den vergangenen Jahren neu errichteten Sozialwohnungen \u00fcber dem Satz liegt, den das Amt f\u00fcr Arbeit und Soziales \u00fcbernimmt. Die Stadt muss hier unbedingt ihren Einfluss nutzen, damit die Mieterinnen und Mieter, die auf Arbeitslosengeld II angewiesen sind, neue Sozialwohnungen auch bezahlen k\u00f6nnen. Bezogen auf den gesamten Landkreis Fulda m\u00fcssen bereits 30 % der Leistungsbezieher Teile der Mietkosten aus dem Regelsatz finanzieren \u2013 das Existenzminimum wird also dauerhaft unterschritten. Zudem: Wenn auf dieser st\u00e4dtischen Fl\u00e4che Wohnraum entsteht, sollten die Wohnungen im Eigentum der Stadt bleiben, damit die Stadt in einem h\u00f6heren Ma\u00dfe Einfluss auf die Wohnraum- und Mietpreisentwicklung nehmen kann.&#8221;<\/p>\n<p>&#8220;G\u00e4rten zugunsten von bezahlbaren Wohnraum zu verlegen ist eine Sache, G\u00e4rten zu entfernen, um Platz f\u00fcr Messefl\u00e4che zu erhalten oder f\u00fcr die Erweiterung des Esperanto zu verkaufen, ist eine ganz andere Entscheidung. Da stellen sich viele Fragen. Z. B. w\u00fcrde ich gern wissen, wie hoch die Nutzung des Messegel\u00e4ndes auf der Fulda Galerie ist, f\u00fcr das erst vor 2 Jahren 170.000 \u00e2\u201a\u00ac in einen Parkplatz investiert wurde.&#8221;, merkt Ute Riebold an. &#8220;Die Erh\u00f6hung des Parkraums auf der Ochsenwiese um 700 Stellfl\u00e4chen sehe ich vor dem Hintergrund kritisch, dass wieder nur einseitig in die Infrastruktur f\u00fcr den Autoverkehr investiert wird. Das wird insbesondere dadurch deutlich, dass seit Jahren Verbesserungsvorschl\u00e4ge f\u00fcr den \u00d6PNV mit dem Hinweis auf den fortzuschreibenden Nahverkehrsplan aufgeschoben werden \u2013 der Fortschreibung des Verkehrsentwicklungsplans jedoch mit dieser einseitig auf den Pkw fokussierten Planung vorgegriffen wird.&#8221;<\/p>\n<p>&#8220;Am 28. November 2016 hatte Oberb\u00fcrgermeister Wingenfeld die Fraktionsvorsitzenden andeutungsweise \u00fcber die nun ver\u00f6ffentlichte Planung informiert. Unterlagen wurden den Fraktionen nicht zur Verf\u00fcgung gestellt \u2013 erst durch die Pressever\u00f6ffentlichungen wird die Dimension des Vorhabens deutlich. Die Stadtverordneten sollten wenigstens die (schriftlichen) Informationen erhalten, die den Medien zur Verf\u00fcgung gestellt wurden \u2013 uns jedenfalls ist sehr daran gelegen, nicht erst nach dem Ideenwettbewerb einbezogen zu werden \u2013 durch die Festlegung dessen Rahmens werden bereits Weichen gestellt \u2013 und das darf nicht hinter verschlossenen T\u00fcren geschehen. Wir wollen ein von Anfang an transparentes Verfahren&#8221;, mahnt die Linke Fraktion abschlie\u00dfend an.<\/p>\n","protected":false},"excerpt":{"rendered":"<div class=\"tmnf_excerpt\"><p>Die Stadtfraktion Die Linke.Offene Liste \/ Menschen f\u00fcr Fulda teilt die Einsch\u00e4tzung, dass dem Areal der Schrebergartenanlage Waidesgrund ein gro\u00dfes Entwicklungspotential innewohnt. &#8220;Die Nachfrage nach weiteren 150 bis 200 Wohnungen ist sicher da. Gebraucht werden jedoch Sozialwohnungen und &#8216;nicht gebundener&#8217; bezahlbarer Wohnraum, da in der Innenstadt in den letzten Jahren insbesondere hochpreisige Wohnanlagen errichtet wurden. &hellip;<\/p>\n<\/div>","protected":false},"author":1,"featured_media":0,"comment_status":"closed","ping_status":"closed","sticky":false,"template":"","format":"standard","meta":{"footnotes":""},"categories":[1],"tags":[],"class_list":["post-159262","post","type-post","status-publish","format-standard","hentry","category-startseite"],"_links":{"self":[{"href":"https:\/\/www.fuldaernachrichten.de\/index.php?rest_route=\/wp\/v2\/posts\/159262","targetHints":{"allow":["GET"]}}],"collection":[{"href":"https:\/\/www.fuldaernachrichten.de\/index.php?rest_route=\/wp\/v2\/posts"}],"about":[{"href":"https:\/\/www.fuldaernachrichten.de\/index.php?rest_route=\/wp\/v2\/types\/post"}],"author":[{"embeddable":true,"href":"https:\/\/www.fuldaernachrichten.de\/index.php?rest_route=\/wp\/v2\/users\/1"}],"replies":[{"embeddable":true,"href":"https:\/\/www.fuldaernachrichten.de\/index.php?rest_route=%2Fwp%2Fv2%2Fcomments&post=159262"}],"version-history":[{"count":1,"href":"https:\/\/www.fuldaernachrichten.de\/index.php?rest_route=\/wp\/v2\/posts\/159262\/revisions"}],"predecessor-version":[{"id":159268,"href":"https:\/\/www.fuldaernachrichten.de\/index.php?rest_route=\/wp\/v2\/posts\/159262\/revisions\/159268"}],"wp:attachment":[{"href":"https:\/\/www.fuldaernachrichten.de\/index.php?rest_route=%2Fwp%2Fv2%2Fmedia&parent=159262"}],"wp:term":[{"taxonomy":"category","embeddable":true,"href":"https:\/\/www.fuldaernachrichten.de\/index.php?rest_route=%2Fwp%2Fv2%2Fcategories&post=159262"},{"taxonomy":"post_tag","embeddable":true,"href":"https:\/\/www.fuldaernachrichten.de\/index.php?rest_route=%2Fwp%2Fv2%2Ftags&post=159262"}],"curies":[{"name":"wp","href":"https:\/\/api.w.org\/{rel}","templated":true}]}}