{"id":159260,"date":"2017-01-18T18:45:52","date_gmt":"2017-01-18T17:45:52","guid":{"rendered":"http:\/\/www.fuldaer-nachrichten.de\/?p=159260"},"modified":"2017-01-18T18:45:52","modified_gmt":"2017-01-18T17:45:52","slug":"tegut-steigert-den-umsatz-um-15-und-schliesst-restrukturierung-erfolgreich-ab","status":"publish","type":"post","link":"https:\/\/www.fuldaernachrichten.de\/?p=159260","title":{"rendered":"tegut\u00e2\u20ac\u00a6 steigert den Umsatz um 1,5 % und schlie\u00dft Restrukturierung erfolgreich ab"},"content":{"rendered":"<p>tegut\u00e2\u20ac\u00a6 verzeichnet 2016 erneut ein absolutes Umsatzplus. Der Netto-Umsatz der tegut\u00e2\u20ac\u00a6 gute Lebensmittel GmbH &amp; Co. KG stieg zum Vorjahr um 1,5 % auf 996 Mio. Euro (Vorjahr 980,9 Mio. Euro). Die Fl\u00e4chenproduktivit\u00e4t wurde zum vierten Mal in Folge 2016 um 1,2 % gesteigert. tegut\u00e2\u20ac\u00a6 erwirtschaftet als Vollsortimenter 25, 3% des Umsatzes mit Bioprodukten. Der Umsatz an fair und nachhaltig hergestellten Produkten stieg 2016 \u00fcberproportional an. Die Anzahl der M\u00e4rkte belief sich durch die Schlie\u00dfungen und Neuer\u00f6ffnungen zum Ende des Jahres auf 272 (Vorjahr 273). Tempor\u00e4r waren die elf zu revitalisierenden M\u00e4rkte f\u00fcr die Kunden nicht verf\u00fcgbar und wurden nach Wiederer\u00f6ffnung mit einer Umsatzsteigerung von durchschnittlich 10 % sehr gut angenommen. Die Phase der Filial-Revitalisierungen wird 2017 in einen Regelprozess \u00fcberf\u00fchrt. tegut\u00e2\u20ac\u00a6 hat bis Ende 2016 f\u00fcr Revitalisierungen pro Jahr einen mittleren zweistelligen Millionen-Eurobetrag investiert. Das angestrebte Expansionsziel 2017 sind zehn neue Standorte in bestehendem wie auch neuem Gebiet.<\/p>\n<p>Expansion<br \/>\n2016 wurden acht M\u00e4rkte neu er\u00f6ffnet: Drei Superm\u00e4rkte in Frankfurt und ein Supermarkt in Ansbach. Ein Nahversorger in Dreieich und drei \u201etegut\u00e2\u20ac\u00a6 L\u00e4dchen f\u00fcr alles\u201c in Marburg-Stadtwald, Leutenberg und Ranis. Geschlossen wurden sieben Standorte: ein Supermarkt in Meiningen und sechs Nahversorger in Bad Homburg, Bad Langensalza, Weimar, Seligenthal, Bischofsheim und Bad Br\u00fcckenau.<br \/>\nAuch 2017 werden neun tegut\u00e2\u20ac\u00a6 M\u00e4rkte revitalisiert und es wird zehn Neuer\u00f6ffnungen geben. Die Revitalisierung des ersten Quartals 2017 ist Burgsinn. Im zweiten Quartal plant tegut&#8230; neben den Revitalisierungen in Altenha\u00dflau und Marburg City noch zwei weitere. Im dritten und vierten Quartal werden jeweils zwei M\u00e4rkte revitalisiert. Neuer\u00f6ffnungen wird es u.a. in Stuttgart, Frankfurt, F\u00fcrth, Kelsterbach und Weimar geben. Insgesamt drei \u201etegut\u00e2\u20ac\u00a6 L\u00e4dchen f\u00fcr alles\u201c haben in Langenfeld, in St\u00fctzerbach und in Jena-Wogau in 2017 den ersten Verkaufstag.<\/p>\n<p>Neuer Logistikstandort<br \/>\ntegut\u00e2\u20ac\u00a6 entwickelt zusammen mit der Stadt H\u00fcnfeld einen neuen Logistikstandort im Logistikpark H\u00fcnfeld in 2020. Die Gespr\u00e4che und Planungen sollen 2017 abgeschlossen werden. Das zu erwerbende Grundst\u00fcck ist 22 Hektar gro\u00df und sichert eine zukunftsf\u00e4hige Logistik im Hinblick auf die angestrebte Expansion.<\/p>\n<p>Investitionen ins Sortiment<br \/>\n2016 schloss tegut\u00e2\u20ac\u00a6 erfolgreich den Umbau des kompletten Sortimentes nach eineinhalb Jahren mit gro\u00dfem Personal- und Zeiteinsatz ab. So wird tegut\u00e2\u20ac\u00a6 dem Kundenwunsch nach einem \u00fcbersichtlichen, aber umfangreichen und gleichzeitig bewusst gew\u00e4hlten Sortiment gerecht. Abschlie\u00dfend wurden rund 4 300 Produkte aus- und 2 300 Produkte neu eingelistet. Ein tegut\u00e2\u20ac\u00a6 Markt f\u00fchrt nun bis zu 23 000 Artikel, davon rund 3 000 Bioartikel je nach Standort und Gr\u00f6\u00dfe. Grundlage war der Umbau der Regale entsprechend der neuen Sortimentstiefen und -anordnung inklusive dem Einbau neuer Einrichtungselemente entsprechend dem neuen Ladenkonzept 2014.<\/p>\n<p>Neue Kommunikationsstrategie<br \/>\nSeit November 2016 st\u00e4rkt tegut\u00e2\u20ac\u00a6 zusammen mit der Berliner Agentur d&amp;p kommunikation die Marke mit neuen Werbema\u00dfnahmen. Unter dem neuen Claim \u00e2\u20ac\u0161Weil Gutes Freude macht\u00e2\u20ac\u02dc positioniert die Marke selbstbewusst das traditionelle Umweltbewusstsein mit Leichtigkeit und Offenheit in Look und Tonalit\u00e4t. 2017 soll auch die Homepage tegut.com neu gestaltet werden.<\/p>\n<p>Regionalit\u00e4t<br \/>\ntegut\u00e2\u20ac\u00a6 zeichnet seit Sommer 2016 alle regionalen Produkte im Markt aus und orientiert sich dabei an den Kriterien des Regionalfensters. Diese Produkte werden in dem jeweiligen Bundesland, in dem sich der tegut\u00e2\u20ac\u00a6 Markt befindet, produziert. In Hessen kann der Kunde bspw. dann sicher sein, dass dieses Produkt aus Hessen stammt. Die erste Hauptzutat und deren landwirtschaftliche Rohstoffe sowie wertgebende Bestandteile sind dann ebenfalls zu 100 % aus Hessen. Der Gewichtsanteil der regionalen Zutat muss mindestens bei 51 % des Endproduktes liegen. Liegt der Anteil der ersten Hauptzutat bei weniger als 51 %, so m\u00fcssen auch die weiteren Hauptzutaten jeweils zu 100 % aus der definierten Region stammen. Im Markt finden die Kunden die Regalkennzeichnung \u201eaus der Region\u201c.<\/p>\n<p>Auszeichnungen<br \/>\ntegut\u00e2\u20ac\u00a6 wurde 2016 f\u00fcr sein vielf\u00e4ltiges Engagement pr\u00e4miert und erreichte in der Kundenbefragung \u201eKundenmonitor\u201c Platz zwei. Ebenfalls den zweiten Platz belegten die derzeit 30 \u201etegut\u00e2\u20ac\u00a6 L\u00e4dchen f\u00fcr alles\u201c beim Demografie-Preis des Landes Hessen f\u00fcr das Aufrechterhalten von d\u00f6rflicher Infrastruktur und die Zusammenarbeit mit Inklusionsbetrieben. Der im letzten Jahr mit dem Blauen Engel ausgezeichnete Supermarkt in Marburg-Cappel darf sich, laut der Lebensmittel Praxis, seit 2016 als Zukunftsmarkt benennen und das Team wurde von der Lebensmittel Zeitung als Supermarkt des Jahres geehrt. Der Supermarkt in Bad Kissingen Garitz gewann den Kreativ K\u00e4seaward der Lebensmittel Praxis. Gleich zweimal erhielt tegut\u00e2\u20ac\u00a6 von der Lebensmittel Praxis die Auszeichnung Ausbilder des Jahres und den KreativCup f\u00fcr die beste Ausbildung 2016.<\/p>\n<p>Spenden<br \/>\ntegut\u00e2\u20ac\u00a6 zeigte auch 2016 ein gro\u00dfes Spendenengagement. Insgesamt wurden 211 000 Euro f\u00fcr gemeinn\u00fctzige oder landwirtschaftliche Initiativen gespendet. Hauptprojekte waren neben den kleinen regionalen sozialen Initiativen das Kinder- und Familienzentrum Frankfurt\/Sossenheim von SOS-Kinderdorf e.V. und das tegut\u00e2\u20ac\u00a6 FAIRbindet Projekt Banelino.<\/p>\n<p>\u00dcber tegut\u00e2\u20ac\u00a6<br \/>\nDie tegut&#8230; gute Lebensmittel GmbH &amp; Co. KG ist ein Handelsunternehmen mit rund 280 Lebensmittelm\u00e4rkten in Hessen, Th\u00fcringen, Bayern sowie G\u00f6ttingen, Mainz, Stuttgart und Ludwigsburg. Das Angebot frischer und \u00f6kologischer Lebensmittel, regionaler Bezug sowie Aus- und Weiterbildungsm\u00f6glichkeiten der Mitarbeitenden stehen im Fokus des Vollsortimenters.<\/p>\n<p>Bis zu 23 000 Produkte<br \/>\ntegut\u00e2\u20ac\u00a6 bietet seinen Kunden rund 23 000 Produkte (g\u00e4ngige Markenprodukte sowie Eigenmarken in den Preis- und Qualit\u00e4tsstufen tegut\u00e2\u20ac\u00a6 kleinster Preis, tegut\u00e2\u20ac\u00a6 Mehrwertmarke mit tegut\u00e2\u20ac\u00a6 Reinheitsversprechen, tegut\u00e2\u20ac\u00a6 vom Feinsten bis hin zu tegut\u00e2\u20ac\u00a6 Bio und der Vielzahl weiterer Bio-Marken).<\/p>\n<p>Vollsortimenter mit Fokus auf Bio<br \/>\n1982 hat tegut\u00e2\u20ac\u00a6 erstmals Bio-Lebensmittel in sein Sortiment aufgenommen und erwirtschaftet heute mit \u00fcber 3 000 Bio-Produkten 25,3 % seines Umsatzes. tegut\u00e2\u20ac\u00a6 betreibt drei unterschiedliche Konzepte: Derzeit 122 Superm\u00e4rkte (in Eigenregie mit 800 m2 bis 2 500 m2 Verkaufsfl\u00e4che als Vollsortimenter mit bis zu 23 000 Artikeln), 120 inhabergef\u00fchrte Nahversorger (mit bis zu 800 m2 Verkaufsfl\u00e4che und rund 7 500 angebotenen Artikeln) sowie 30 \u201etegut&#8230; L\u00e4dchen f\u00fcr alles\u201c (ab 120 m2 auf dem Land und in Stadtquartieren mit rund 4 200 Produkten zur Nahversorgung).<\/p>\n<p>Teil der Migros Z\u00fcrich<br \/>\nSeit 2013 ist tegut\u00e2\u20ac\u00a6 ein Teil der Genossenschaft Migros Z\u00fcrich. 2016 bel\u00e4uft sich der Netto-Umsatz auf 996 Mio. Euro (Vorjahr 980,9 Mio. Euro). Die Fl\u00e4chenproduktivit\u00e4t wurde 2016 um 1,2% gesteigert. Insgesamt sind 5.780 Menschen in den M\u00e4rkten, den Logistikzentren und den Zentralen Diensten in Fulda f\u00fcr tegut&#8230; t\u00e4tig. Weitere Informationen finden Sie unter www.tegut.com oder unter www. facebook.com\/tegut<\/p>\n","protected":false},"excerpt":{"rendered":"<div class=\"tmnf_excerpt\"><p>tegut\u00e2\u20ac\u00a6 verzeichnet 2016 erneut ein absolutes Umsatzplus. Der Netto-Umsatz der tegut\u00e2\u20ac\u00a6 gute Lebensmittel GmbH &amp; Co. KG stieg zum Vorjahr um 1,5 % auf 996 Mio. Euro (Vorjahr 980,9 Mio. Euro). Die Fl\u00e4chenproduktivit\u00e4t wurde zum vierten Mal in Folge 2016 um 1,2 % gesteigert. tegut\u00e2\u20ac\u00a6 erwirtschaftet als Vollsortimenter 25, 3% des Umsatzes mit Bioprodukten. Der &hellip;<\/p>\n<\/div>","protected":false},"author":1,"featured_media":159266,"comment_status":"closed","ping_status":"closed","sticky":false,"template":"","format":"standard","meta":{"footnotes":""},"categories":[1],"tags":[],"class_list":["post-159260","post","type-post","status-publish","format-standard","has-post-thumbnail","hentry","category-startseite"],"_links":{"self":[{"href":"https:\/\/www.fuldaernachrichten.de\/index.php?rest_route=\/wp\/v2\/posts\/159260","targetHints":{"allow":["GET"]}}],"collection":[{"href":"https:\/\/www.fuldaernachrichten.de\/index.php?rest_route=\/wp\/v2\/posts"}],"about":[{"href":"https:\/\/www.fuldaernachrichten.de\/index.php?rest_route=\/wp\/v2\/types\/post"}],"author":[{"embeddable":true,"href":"https:\/\/www.fuldaernachrichten.de\/index.php?rest_route=\/wp\/v2\/users\/1"}],"replies":[{"embeddable":true,"href":"https:\/\/www.fuldaernachrichten.de\/index.php?rest_route=%2Fwp%2Fv2%2Fcomments&post=159260"}],"version-history":[{"count":1,"href":"https:\/\/www.fuldaernachrichten.de\/index.php?rest_route=\/wp\/v2\/posts\/159260\/revisions"}],"predecessor-version":[{"id":159267,"href":"https:\/\/www.fuldaernachrichten.de\/index.php?rest_route=\/wp\/v2\/posts\/159260\/revisions\/159267"}],"wp:featuredmedia":[{"embeddable":true,"href":"https:\/\/www.fuldaernachrichten.de\/index.php?rest_route=\/wp\/v2\/media\/159266"}],"wp:attachment":[{"href":"https:\/\/www.fuldaernachrichten.de\/index.php?rest_route=%2Fwp%2Fv2%2Fmedia&parent=159260"}],"wp:term":[{"taxonomy":"category","embeddable":true,"href":"https:\/\/www.fuldaernachrichten.de\/index.php?rest_route=%2Fwp%2Fv2%2Fcategories&post=159260"},{"taxonomy":"post_tag","embeddable":true,"href":"https:\/\/www.fuldaernachrichten.de\/index.php?rest_route=%2Fwp%2Fv2%2Ftags&post=159260"}],"curies":[{"name":"wp","href":"https:\/\/api.w.org\/{rel}","templated":true}]}}