{"id":159258,"date":"2017-01-18T18:45:25","date_gmt":"2017-01-18T17:45:25","guid":{"rendered":"http:\/\/www.fuldaer-nachrichten.de\/?p=159258"},"modified":"2017-01-18T18:45:25","modified_gmt":"2017-01-18T17:45:25","slug":"seit-ueber-20-jahren-ist-das-vokalensemble-salto-vocale-aus-fulda-musikalisch-aktiv","status":"publish","type":"post","link":"https:\/\/www.fuldaernachrichten.de\/?p=159258","title":{"rendered":"Seit \u00fcber 20 Jahren ist das Vokalensemble Salto Vocale aus Fulda musikalisch aktiv"},"content":{"rendered":"<p>Ch\u00f6re haben meist ihre eigene Gruppendynamik: Es gibt die heimlichen Solisten und diejenigen, die sich in der zweiten Reihe ganz wohlf\u00fchlen. Im Vokalensemble Salto Vocale aus Fulda stehen alle in der ersten Reihe. Mit zw\u00f6lf S\u00e4ngerinnen und S\u00e4ngern inklusive Pianistin und Dirigent ist das Ensemble minimalst f\u00fcr mehrstimmige Arrangements besetzt. Und auch wenn alle im Solo-Gesang erfahren sind, ist es ihnen wichtig, gemeinsam mehr als die Summe ihrer Einzelstimmen zu sein.<\/p>\n<p>\u201eWir sind ein kleiner Chor, aber mit gro\u00dfem Klang\u201c, sagt Dirigent Steffen G\u00fcnder selbstbewusst und f\u00fcgt mit einem Lachen hinzu: \u201eWenn die Raumakustik gut ist, klingen wir riesig.\u201c Mehr als 20 Jahre liegt die Gr\u00fcndung von Salto Vocale zur\u00fcck \u2013 drei S\u00e4ngerinnen und er selbst waren damals schon dabei. Sie alle waren Sch\u00fcler der Winfriedschule und damit in derselben musikalischen Schmiede. Denn Chordirektor Reinhold Feldmann hatte das richtige Gesp\u00fcr daf\u00fcr, die Jugendlichen in den Schulchor \u2013 und von dort in den Konzertchor Winfridia \u2013 zu lotsen. Eine pr\u00e4gende Zeit, von der die S\u00e4nger heute noch profitieren: \u201eAm Klang zu feilen, geschult zu singen und keine Angst vor solistischen Parts zu haben \u2013 dort wurde der Grundstein gelegt\u201c, erz\u00e4hlt der Dirigent.<\/p>\n<p>Eine Romfahrt gab 1995 den Ausschlag, neben dem \u201egro\u00dfen Chor\u201c noch ein eigenes Ensemble zu gr\u00fcnden. \u201eMit der Winfridia-Jugend haben wir in jeder Kirche gesungen\u201c, blickt G\u00fcnder lachend zur\u00fcck. Als sie wieder in Fulda waren, gab es ein erstes Konzert der Gruppe, die noch nicht einmal einen Namen hatte. \u201eIch erinnere mich noch an die Schlagzeile in der Fuldaer Zeitung: `Berauschendes Deb\u00fct\u00e2\u20ac\u02dc\u201c. Durch so viel Lob animiert bekam das Vorhaben eine Eigendynamik: \u201eSalto Vocale\u201c wurde nun auch namentlich aus der Taufe gehoben \u2013 und mit einem weiteren Konzert im \u201ebrechend vollen Kulturkeller\u201c publik gemacht. Kirchenkonzerte, Rundfunk- und Fernsehproduktionen, Firmenfeiern, Hochzeiten, die Aufnahme von zwei eigenen CDs, das eigene Jubil\u00e4umskonzert und gemeinsame Projekte mit Vorsicht Gebl\u00e4se und der TSG K\u00fcnzell im Fuldaer Schlosstheater, Auftritte in ganz Deutschland und in Fuldas Partnerst\u00e4dten folgten: Die Schlagzahl war hoch \u2013 und f\u00fcr manchen aus der Anfangsbesetzung mit dem eigenen Kalender nicht mehr vereinbar.<\/p>\n<p>Doch auch wenn jemand ausschied, fanden sich \u00fcber das musikalische Netzwerk zum Teil innerhalb derselben Familie Nachfolger. \u201eIn all den Jahren erlebt man viele pers\u00f6nliche Ver\u00e4nderungen jedes einzelnen mit, einige von uns haben Familien gegr\u00fcndet, H\u00e4user gebaut, arbeiten in einer anderen Stadt \u2013 aber Salto Vocale ist geblieben. Das zeigt, wie wichtig uns das gemeinsame Singen ist\u201c, erz\u00e4hlt Steffen G\u00fcnder. Deshalb gelingt es auch, ohne fest im Kalender fixierte Probentermine auszukommen. Die finden nur auf Zuruf und dann besonders intensiv statt. Dennoch erarbeiten die 12 S\u00e4ngerinnen und S\u00e4nger immer wieder neue Literatur. So w\u00e4chst das Querbeet-Repertoire, das Werke der Renaissance ebenso wie neuzeitliche, kirchliche wie weltliche, deutschsprachige St\u00fccke ebenso wie solche in ungarischer Sprache umfasst. Nur eines hat sich gegen\u00fcber der fr\u00fcheren Jahre ver\u00e4ndert: die Zahl der Auftritte. Gesetzt seien nur zwei Konzerte, eines im Fr\u00fchjahr\/Sommer, eines vor Weihnachten. Wo sonst noch ihre Stimmen erklingen, planen die S\u00e4nger bei einem gemeinsamen Essen am Jahresanfang \u2013 und dort trifft sich dann nicht nur das Vokalensemble Salto Vocale. Dort treffen sich Freunde. Weitere Infos unter www.saltovocale.com.<\/p>\n","protected":false},"excerpt":{"rendered":"<div class=\"tmnf_excerpt\"><p>Ch\u00f6re haben meist ihre eigene Gruppendynamik: Es gibt die heimlichen Solisten und diejenigen, die sich in der zweiten Reihe ganz wohlf\u00fchlen. Im Vokalensemble Salto Vocale aus Fulda stehen alle in der ersten Reihe. Mit zw\u00f6lf S\u00e4ngerinnen und S\u00e4ngern inklusive Pianistin und Dirigent ist das Ensemble minimalst f\u00fcr mehrstimmige Arrangements besetzt. Und auch wenn alle im &hellip;<\/p>\n<\/div>","protected":false},"author":1,"featured_media":159264,"comment_status":"closed","ping_status":"closed","sticky":false,"template":"","format":"standard","meta":{"footnotes":""},"categories":[1],"tags":[],"class_list":["post-159258","post","type-post","status-publish","format-standard","has-post-thumbnail","hentry","category-startseite"],"_links":{"self":[{"href":"https:\/\/www.fuldaernachrichten.de\/index.php?rest_route=\/wp\/v2\/posts\/159258","targetHints":{"allow":["GET"]}}],"collection":[{"href":"https:\/\/www.fuldaernachrichten.de\/index.php?rest_route=\/wp\/v2\/posts"}],"about":[{"href":"https:\/\/www.fuldaernachrichten.de\/index.php?rest_route=\/wp\/v2\/types\/post"}],"author":[{"embeddable":true,"href":"https:\/\/www.fuldaernachrichten.de\/index.php?rest_route=\/wp\/v2\/users\/1"}],"replies":[{"embeddable":true,"href":"https:\/\/www.fuldaernachrichten.de\/index.php?rest_route=%2Fwp%2Fv2%2Fcomments&post=159258"}],"version-history":[{"count":1,"href":"https:\/\/www.fuldaernachrichten.de\/index.php?rest_route=\/wp\/v2\/posts\/159258\/revisions"}],"predecessor-version":[{"id":159265,"href":"https:\/\/www.fuldaernachrichten.de\/index.php?rest_route=\/wp\/v2\/posts\/159258\/revisions\/159265"}],"wp:featuredmedia":[{"embeddable":true,"href":"https:\/\/www.fuldaernachrichten.de\/index.php?rest_route=\/wp\/v2\/media\/159264"}],"wp:attachment":[{"href":"https:\/\/www.fuldaernachrichten.de\/index.php?rest_route=%2Fwp%2Fv2%2Fmedia&parent=159258"}],"wp:term":[{"taxonomy":"category","embeddable":true,"href":"https:\/\/www.fuldaernachrichten.de\/index.php?rest_route=%2Fwp%2Fv2%2Fcategories&post=159258"},{"taxonomy":"post_tag","embeddable":true,"href":"https:\/\/www.fuldaernachrichten.de\/index.php?rest_route=%2Fwp%2Fv2%2Ftags&post=159258"}],"curies":[{"name":"wp","href":"https:\/\/api.w.org\/{rel}","templated":true}]}}