{"id":159246,"date":"2017-01-18T18:36:49","date_gmt":"2017-01-18T17:36:49","guid":{"rendered":"http:\/\/www.fuldaer-nachrichten.de\/?p=159246"},"modified":"2017-01-18T18:36:49","modified_gmt":"2017-01-18T17:36:49","slug":"wertorientierte-regeln-dienen-der-weiterentwicklung-katholischer-kitas","status":"publish","type":"post","link":"https:\/\/www.fuldaernachrichten.de\/?p=159246","title":{"rendered":"Wertorientierte Regeln dienen der Weiterentwicklung katholischer Kitas"},"content":{"rendered":"<p><a href=\"http:\/\/www.fuldaer-nachrichten.de\/wp-content\/uploads\/2017\/01\/zu-04-cs_GV_Stanke_Ansprache_Ktk_Kursauftakt_20170110_164350.jpg\"><img decoding=\"async\" class=\"alignleft size-thumbnail wp-image-159248\" src=\"http:\/\/www.fuldaer-nachrichten.de\/wp-content\/uploads\/2017\/01\/zu-04-cs_GV_Stanke_Ansprache_Ktk_Kursauftakt_20170110_164350-265x153.jpg\" alt=\"\" width=\"265\" height=\"153\" srcset=\"https:\/\/www.fuldaernachrichten.de\/wp-content\/uploads\/2017\/01\/zu-04-cs_GV_Stanke_Ansprache_Ktk_Kursauftakt_20170110_164350-265x153.jpg 265w, https:\/\/www.fuldaernachrichten.de\/wp-content\/uploads\/2017\/01\/zu-04-cs_GV_Stanke_Ansprache_Ktk_Kursauftakt_20170110_164350-768x442.jpg 768w, https:\/\/www.fuldaernachrichten.de\/wp-content\/uploads\/2017\/01\/zu-04-cs_GV_Stanke_Ansprache_Ktk_Kursauftakt_20170110_164350-600x345.jpg 600w, https:\/\/www.fuldaernachrichten.de\/wp-content\/uploads\/2017\/01\/zu-04-cs_GV_Stanke_Ansprache_Ktk_Kursauftakt_20170110_164350.jpg 900w\" sizes=\"(max-width: 265px) 100vw, 265px\" \/><\/a>Von den katholischen Kindertageseinrichtungen aus Am\u00f6neburg, Mardorf, Ro\u00dfdorf, Marburg, Frankenberg, Niederklein und Stadtallendorf waren k\u00fcrzlich Leitungsverantwortliche sowie Vertreter und Vertreterinnen der Kirchengemeinden als den Tr\u00e4gern der Einrichtungen in Stadtallendorf zusammengekommen, um an einer Auftaktveranstaltung zur Einf\u00fchrung in ein wertorientiertes Qualit\u00e4tsmanagementsystem nach dem KTK-G\u00fctesiegel Bundesrahmenhandbuch teilzunehmen.<\/p>\n<p>Das KTK-G\u00fctesiegel, so erl\u00e4uterte Elvira Diel, Leiterin des Caritas-Fachreferats f\u00fcr katholische Kindertageseinrichtungen im Caritasverband f\u00fcr die Di\u00f6zese Fulda und damit Ausrichterin der Schulung, sei ein wertorientiertes Qualit\u00e4tsmanagementsystem, das den Kindertageseinrichtungen helfe, sich im Kontext mit den gesellschaftlichen Anforderungen gleicherma\u00dfen fachlich, diakonisch und pastoral weiterzuentwickeln und dabei zu profilieren. Die Einbindung der Tr\u00e4ger sei dabei ein wesentlicher Bestandteil des Kurses, den man auf Grund steigender Nachfrage bereits zum f\u00fcnften Mal durchf\u00fchre: Es sei Ziel, in dem weiteren Entwicklungsprozess eine enge Kooperation zwischen Tr\u00e4ger und Kita-Team zu erreichen.<\/p>\n<p>Dass das Caritas-Fachreferat ganz im Sinne der Kirchenleitung den Kindertagesst\u00e4tten den Weg hin zum KTK-G\u00fctesiegel weist, wurde deutlich durch das Gru\u00dfwort von Generalvikar Prof. Dr. Gerhard Stanke. Dieser betonte, man sehe in den Kitas pastorale Orte, an denen Kirchengemeinden ihren pastoral-diakonischen Auftrag im Sinne eines Dienstes der Kirche an Familien und Kindern verwirklichen k\u00f6nnten. Die Kitas, so Stanke, erm\u00f6glichten auch kirchenfernen Menschen, den katholischen Glauben kennenlernen zu k\u00f6nnen und christliche Werte sowie Zuwendung zu erfahren. Katholische Kitas m\u00fcssten sich durch hohe Fachlichkeit, kommunikative\u00c2\u00a0 menschliche Kompetenz sowie Spiritualit\u00e4t auszeichnen. Das werteorientierte G\u00fctesiegel sei ein wesentlicher Schritt in diesem Sinne.<\/p>\n<p>Bevor die Schulungsteilnehmenden in erste Workshops entlassen wurden, referierte Prof. Dr. Ralf Haderlein von der Hochschule Koblenz zum Thema \u201eProfil der katholischen Kindertagesst\u00e4tte\u201c und f\u00fchrte in Grundlagen des Qualit\u00e4tsmanagements ein. Der Sozialwissenschaftler machte deutlich, dass jeder Mensch mit anderen Menschen Regeln\u00c2\u00a0 brauche und entwickle, um sein Lebensumfeld zu gestalten. Als Beispiel nannte der Professor die Familien, die oft nach f\u00fcr Au\u00dfenstehende nicht unmittelbar nachvollziehbaren Regeln funktionieren. Die allseits bekannte kindliche Frage \u201eWarum?\u201c sei im Prinzip nichts anderes als ein Instrument des Qualit\u00e4tsmanagements: Man pr\u00fcfe die Sinnhaftigkeit von Regeln, um sie zu adaptieren oder zu verwerfen.<\/p>\n<p>Prof. Haderlein entwickelte in seinem Vortrag ein Modell des Qualit\u00e4tsmanagements, das auch verdeutlichte, weshalb Tr\u00e4ger und Kita-Team kooperieren m\u00fcssten. Eine kirchliche Kindertagesst\u00e4tte bek\u00e4me ihre Idee, ihre Vision und Mission von der Kirche bzw. vom kirchlichen Tr\u00e4ger. Diese m\u00fcsste in einem Leitbild formuliert werden, aus dem sich konkrete Ziele und daraus wiederum Regeln ableiten lie\u00dfen. Durch \u00dcberpr\u00fcfung der Regeln wiederum anhand der \u00fcbergeordneten Idee \u2013 gewisserma\u00dfen dem Controlling \u2013 entst\u00fcnde schlie\u00dflich ein Kreislauf des Qualit\u00e4tsmanagements. Die daf\u00fcr notwendigen Elemente zu entwickeln sei letztendlich das Ziel des Kurses.<\/p>\n<p>Der Weg zum KTK-G\u00fctesiegel, das machte Elvira Diel deutlich, k\u00f6nne je nach Ausgangslage und \u00f6rtlichen Besonderheiten dabei durchaus sehr individuell sein. Wichtig sei in jedem Fall die gegenseitige Wertsch\u00e4tzung von Pfarrgemeinde und Kita im Dienste der gemeinsamen Sache, einen lebendigen Ort des Lernens, des christlichen Miteinanders und der Begegnung f\u00fcr Kinder und ihre Familien zu schaffen.<\/p>\n<p>Im nun begonnenen Kurs zur Einf\u00fchrung des Qualit\u00e4tsmanagementsystems nach dem KTK-G\u00fctesiegel Bundesrahmenhandbuch werden bis November 2019 Leitungskr\u00e4fte zu Qualit\u00e4tsbeauftragten ausgebildet. Der Kurs wird von der Firma Colibri Management-Service geleitet. Gabriele J\u00f6rges, die f\u00fcr die katholischen Kindertageseinrichtungen im Bereich Marburg-Biedenkopf zust\u00e4ndige Caritas-Fachberaterin wird den Kurs begleiten und die Einrichtungen in regionalen Reflexionsgruppentreffen bei der Implementierung unterst\u00fctzen.<\/p>\n","protected":false},"excerpt":{"rendered":"<div class=\"tmnf_excerpt\"><p>Von den katholischen Kindertageseinrichtungen aus Am\u00f6neburg, Mardorf, Ro\u00dfdorf, Marburg, Frankenberg, Niederklein und Stadtallendorf waren k\u00fcrzlich Leitungsverantwortliche sowie Vertreter und Vertreterinnen der Kirchengemeinden als den Tr\u00e4gern der Einrichtungen in Stadtallendorf zusammengekommen, um an einer Auftaktveranstaltung zur Einf\u00fchrung in ein wertorientiertes Qualit\u00e4tsmanagementsystem nach dem KTK-G\u00fctesiegel Bundesrahmenhandbuch teilzunehmen. Das KTK-G\u00fctesiegel, so erl\u00e4uterte Elvira Diel, Leiterin des Caritas-Fachreferats f\u00fcr &hellip;<\/p>\n<\/div>","protected":false},"author":1,"featured_media":159247,"comment_status":"closed","ping_status":"closed","sticky":false,"template":"","format":"standard","meta":{"footnotes":""},"categories":[1],"tags":[],"class_list":["post-159246","post","type-post","status-publish","format-standard","has-post-thumbnail","hentry","category-startseite"],"_links":{"self":[{"href":"https:\/\/www.fuldaernachrichten.de\/index.php?rest_route=\/wp\/v2\/posts\/159246","targetHints":{"allow":["GET"]}}],"collection":[{"href":"https:\/\/www.fuldaernachrichten.de\/index.php?rest_route=\/wp\/v2\/posts"}],"about":[{"href":"https:\/\/www.fuldaernachrichten.de\/index.php?rest_route=\/wp\/v2\/types\/post"}],"author":[{"embeddable":true,"href":"https:\/\/www.fuldaernachrichten.de\/index.php?rest_route=\/wp\/v2\/users\/1"}],"replies":[{"embeddable":true,"href":"https:\/\/www.fuldaernachrichten.de\/index.php?rest_route=%2Fwp%2Fv2%2Fcomments&post=159246"}],"version-history":[{"count":1,"href":"https:\/\/www.fuldaernachrichten.de\/index.php?rest_route=\/wp\/v2\/posts\/159246\/revisions"}],"predecessor-version":[{"id":159249,"href":"https:\/\/www.fuldaernachrichten.de\/index.php?rest_route=\/wp\/v2\/posts\/159246\/revisions\/159249"}],"wp:featuredmedia":[{"embeddable":true,"href":"https:\/\/www.fuldaernachrichten.de\/index.php?rest_route=\/wp\/v2\/media\/159247"}],"wp:attachment":[{"href":"https:\/\/www.fuldaernachrichten.de\/index.php?rest_route=%2Fwp%2Fv2%2Fmedia&parent=159246"}],"wp:term":[{"taxonomy":"category","embeddable":true,"href":"https:\/\/www.fuldaernachrichten.de\/index.php?rest_route=%2Fwp%2Fv2%2Fcategories&post=159246"},{"taxonomy":"post_tag","embeddable":true,"href":"https:\/\/www.fuldaernachrichten.de\/index.php?rest_route=%2Fwp%2Fv2%2Ftags&post=159246"}],"curies":[{"name":"wp","href":"https:\/\/api.w.org\/{rel}","templated":true}]}}