{"id":159245,"date":"2017-01-18T18:37:29","date_gmt":"2017-01-18T17:37:29","guid":{"rendered":"http:\/\/www.fuldaer-nachrichten.de\/?p=159245"},"modified":"2017-01-18T18:37:29","modified_gmt":"2017-01-18T17:37:29","slug":"neue-aufgaben-mdb-michael-brand-mit-98-neu-in-fraktionsvorstand-cducsu-gewaehlt","status":"publish","type":"post","link":"https:\/\/www.fuldaernachrichten.de\/?p=159245","title":{"rendered":"Neue Aufgaben: MdB Michael Brand mit 98 % neu in Fraktionsvorstand CDU\/CSU gew\u00e4hlt"},"content":{"rendered":"<p>Mit 98,14 Prozent Zustimmung haben die 311 Abgeordneten der CDU\/CSU in ihrer aktuellen Fraktionssitzung den osthessischen Bundestagsabgeordneten Michael Brand (Wahlkreis Fulda\/ Vogelsberg) zu ihrem menschenrechtspolitischen Sprecher sowie Vorsitzenden der Arbeitsgruppe Menschenrechte und Humanit\u00e4re Hilfe gew\u00e4hlt. Damit geh\u00f6rt Brand jetzt dem Fraktionsvorstand an, der die parlamentarische Gesch\u00e4fte der gr\u00f6\u00dften Regierungsfraktion im Deutschen Bundestag f\u00fchrt.<\/p>\n<p>\u201eNat\u00fcrlich freue mich \u00fcber das sehr gro\u00dfe Vertrauen und bin mir der Verantwortung bewusst. Die Themenpalette in der neuen Aufgabe wird sicher noch breiter und tiefer\u201c, sagte Brand. \u201eAls C-Partei ist das Thema Menschenrechte ein Kernthema, bei dem man sensibel und deutlich zugleich sein muss. F\u00fcr mich war das nie ein Thema f\u00fcr Sonntagsreden, sondern Haltung muss sich in der Tagespolitik beweisen. Dem Kurs werde ich treu bleiben, denn entscheidend ist, was den Betroffenen hilft! Und es geht auch um deutsche Interessen, um Sicherheit und Stabilit\u00e4t\u201c, betonte Brand, der seit 2013 Vorsitzender des Bundestagsausschusses f\u00fcr Menschenrechte und Humanit\u00e4re Hilfe ist. In dieser Aufgabe hat er immer wieder Menschenrechtsverletzungen wie in der T\u00fcrkei oder China angeprangert und auch nicht Halt vor deutlicher Kritik an der Bundesregierung gemacht.<\/p>\n","protected":false},"excerpt":{"rendered":"<div class=\"tmnf_excerpt\"><p>Mit 98,14 Prozent Zustimmung haben die 311 Abgeordneten der CDU\/CSU in ihrer aktuellen Fraktionssitzung den osthessischen Bundestagsabgeordneten Michael Brand (Wahlkreis Fulda\/ Vogelsberg) zu ihrem menschenrechtspolitischen Sprecher sowie Vorsitzenden der Arbeitsgruppe Menschenrechte und Humanit\u00e4re Hilfe gew\u00e4hlt. Damit geh\u00f6rt Brand jetzt dem Fraktionsvorstand an, der die parlamentarische Gesch\u00e4fte der gr\u00f6\u00dften Regierungsfraktion im Deutschen Bundestag f\u00fchrt. \u201eNat\u00fcrlich freue &hellip;<\/p>\n<\/div>","protected":false},"author":1,"featured_media":159250,"comment_status":"closed","ping_status":"closed","sticky":false,"template":"","format":"standard","meta":{"footnotes":""},"categories":[1],"tags":[],"class_list":["post-159245","post","type-post","status-publish","format-standard","has-post-thumbnail","hentry","category-startseite"],"_links":{"self":[{"href":"https:\/\/www.fuldaernachrichten.de\/index.php?rest_route=\/wp\/v2\/posts\/159245","targetHints":{"allow":["GET"]}}],"collection":[{"href":"https:\/\/www.fuldaernachrichten.de\/index.php?rest_route=\/wp\/v2\/posts"}],"about":[{"href":"https:\/\/www.fuldaernachrichten.de\/index.php?rest_route=\/wp\/v2\/types\/post"}],"author":[{"embeddable":true,"href":"https:\/\/www.fuldaernachrichten.de\/index.php?rest_route=\/wp\/v2\/users\/1"}],"replies":[{"embeddable":true,"href":"https:\/\/www.fuldaernachrichten.de\/index.php?rest_route=%2Fwp%2Fv2%2Fcomments&post=159245"}],"version-history":[{"count":1,"href":"https:\/\/www.fuldaernachrichten.de\/index.php?rest_route=\/wp\/v2\/posts\/159245\/revisions"}],"predecessor-version":[{"id":159251,"href":"https:\/\/www.fuldaernachrichten.de\/index.php?rest_route=\/wp\/v2\/posts\/159245\/revisions\/159251"}],"wp:featuredmedia":[{"embeddable":true,"href":"https:\/\/www.fuldaernachrichten.de\/index.php?rest_route=\/wp\/v2\/media\/159250"}],"wp:attachment":[{"href":"https:\/\/www.fuldaernachrichten.de\/index.php?rest_route=%2Fwp%2Fv2%2Fmedia&parent=159245"}],"wp:term":[{"taxonomy":"category","embeddable":true,"href":"https:\/\/www.fuldaernachrichten.de\/index.php?rest_route=%2Fwp%2Fv2%2Fcategories&post=159245"},{"taxonomy":"post_tag","embeddable":true,"href":"https:\/\/www.fuldaernachrichten.de\/index.php?rest_route=%2Fwp%2Fv2%2Ftags&post=159245"}],"curies":[{"name":"wp","href":"https:\/\/api.w.org\/{rel}","templated":true}]}}