{"id":159237,"date":"2017-01-17T09:45:45","date_gmt":"2017-01-17T08:45:45","guid":{"rendered":"http:\/\/www.fuldaer-nachrichten.de\/?p=159237"},"modified":"2017-01-17T09:45:45","modified_gmt":"2017-01-17T08:45:45","slug":"besichtigung-institut-bibliotheca-fuldensis","status":"publish","type":"post","link":"https:\/\/www.fuldaernachrichten.de\/?p=159237","title":{"rendered":"Besichtigung Institut Bibliotheca Fuldensis"},"content":{"rendered":"<p>Das Kloster Fulda war im Mittelalter bekannt f\u00fcr seine Schreibschule und seine Bibliothek. Das Institut Bibliotheca Fuldensis widmet sich der Erforschung der alten und bedeutenden mittelalterlichen Bibliothek des Klosters Fulda, die im drei\u00dfigj\u00e4hrigen Krieg verschleppt, zerstreut und zu gro\u00dfen Teilen zerst\u00f6rt wurde.<\/p>\n<p>Bei einer F\u00fchrung besteht am Freitag, 20.01. um 15:00 Uhr die M\u00f6glichkeit, mehr \u00fcber die Geschichte und das Schicksal der alten Klosterbibliothek zu erfahren und den historischen Rabanus-Maurus-Lesesaal kennen zu lernen.<\/p>\n<p>Auskunft und Anmeldung \u00fcber die vhs-Gesch\u00e4ftsstelle, Unterm Hl. Kreuz 1, Telefon 0661\/102-1477 oder -1474.<\/p>\n","protected":false},"excerpt":{"rendered":"<div class=\"tmnf_excerpt\"><p>Das Kloster Fulda war im Mittelalter bekannt f\u00fcr seine Schreibschule und seine Bibliothek. Das Institut Bibliotheca Fuldensis widmet sich der Erforschung der alten und bedeutenden mittelalterlichen Bibliothek des Klosters Fulda, die im drei\u00dfigj\u00e4hrigen Krieg verschleppt, zerstreut und zu gro\u00dfen Teilen zerst\u00f6rt wurde. Bei einer F\u00fchrung besteht am Freitag, 20.01. um 15:00 Uhr die M\u00f6glichkeit, mehr &hellip;<\/p>\n<\/div>","protected":false},"author":1,"featured_media":0,"comment_status":"closed","ping_status":"closed","sticky":false,"template":"","format":"standard","meta":{"footnotes":""},"categories":[1],"tags":[],"class_list":["post-159237","post","type-post","status-publish","format-standard","hentry","category-startseite"],"_links":{"self":[{"href":"https:\/\/www.fuldaernachrichten.de\/index.php?rest_route=\/wp\/v2\/posts\/159237","targetHints":{"allow":["GET"]}}],"collection":[{"href":"https:\/\/www.fuldaernachrichten.de\/index.php?rest_route=\/wp\/v2\/posts"}],"about":[{"href":"https:\/\/www.fuldaernachrichten.de\/index.php?rest_route=\/wp\/v2\/types\/post"}],"author":[{"embeddable":true,"href":"https:\/\/www.fuldaernachrichten.de\/index.php?rest_route=\/wp\/v2\/users\/1"}],"replies":[{"embeddable":true,"href":"https:\/\/www.fuldaernachrichten.de\/index.php?rest_route=%2Fwp%2Fv2%2Fcomments&post=159237"}],"version-history":[{"count":1,"href":"https:\/\/www.fuldaernachrichten.de\/index.php?rest_route=\/wp\/v2\/posts\/159237\/revisions"}],"predecessor-version":[{"id":159242,"href":"https:\/\/www.fuldaernachrichten.de\/index.php?rest_route=\/wp\/v2\/posts\/159237\/revisions\/159242"}],"wp:attachment":[{"href":"https:\/\/www.fuldaernachrichten.de\/index.php?rest_route=%2Fwp%2Fv2%2Fmedia&parent=159237"}],"wp:term":[{"taxonomy":"category","embeddable":true,"href":"https:\/\/www.fuldaernachrichten.de\/index.php?rest_route=%2Fwp%2Fv2%2Fcategories&post=159237"},{"taxonomy":"post_tag","embeddable":true,"href":"https:\/\/www.fuldaernachrichten.de\/index.php?rest_route=%2Fwp%2Fv2%2Ftags&post=159237"}],"curies":[{"name":"wp","href":"https:\/\/api.w.org\/{rel}","templated":true}]}}