{"id":159225,"date":"2017-01-17T09:43:16","date_gmt":"2017-01-17T08:43:16","guid":{"rendered":"http:\/\/www.fuldaer-nachrichten.de\/?p=159225"},"modified":"2017-01-17T09:43:16","modified_gmt":"2017-01-17T08:43:16","slug":"chormusik%c2%b2-doppelchoeriges-konzert-in-der-fuldaer-stadtpfarrkirche","status":"publish","type":"post","link":"https:\/\/www.fuldaernachrichten.de\/?p=159225","title":{"rendered":"(Chormusik)\u00c2\u00b2: Doppelch\u00f6riges Konzert in der Fuldaer Stadtpfarrkirche"},"content":{"rendered":"<p>Ein Konzert der besonderen Art wird am Sonntag, den 22. Januar 2017, um 17.00 Uhr in der Stadtpfarrkirche St. Blasius in Fulda zu h\u00f6ren sein: Unter Leitung von Regionalkantor Christopher L\u00f6bens singen das Vokalensemble tonART aus Fulda und das Vokalensemble St. Benedikt aus H\u00fcnfeld doppelch\u00f6rige geistliche Werke verschiedener Epochen, u. a. von Palestrina, Sch\u00fctz, Bach und Mendelssohn. F\u00fcr die Zuh\u00f6rer besonders interessant ist dabei die Raumwirkung, die sich bei einigen St\u00fccken dadurch entfalten kann, dass die Ch\u00f6re sich an unterschiedlichen Orten des Kirchenraumes aufstellen.<\/p>\n<p>Den begleitenden Basso continuo-Part der barocken St\u00fccke \u00fcbernehmen Michael Jakob (Kontrabass) und Niklas Jahn (Truhenorgel). Stadtpfarrkirchenorganist Hans-Joachim Rill wird das Programm durch Orgelwerke von Pachelbel, Mendelssohn und Rheinberger an der gro\u00dfen Orgel der Stadtpfarrkirche bereichern. Der Eintritt ist frei \u2013 um eine Spende nach dem Konzert wird gebeten.<\/p>\n","protected":false},"excerpt":{"rendered":"<div class=\"tmnf_excerpt\"><p>Ein Konzert der besonderen Art wird am Sonntag, den 22. Januar 2017, um 17.00 Uhr in der Stadtpfarrkirche St. Blasius in Fulda zu h\u00f6ren sein: Unter Leitung von Regionalkantor Christopher L\u00f6bens singen das Vokalensemble tonART aus Fulda und das Vokalensemble St. Benedikt aus H\u00fcnfeld doppelch\u00f6rige geistliche Werke verschiedener Epochen, u. a. von Palestrina, Sch\u00fctz, Bach &hellip;<\/p>\n<\/div>","protected":false},"author":1,"featured_media":159231,"comment_status":"closed","ping_status":"closed","sticky":false,"template":"","format":"standard","meta":{"footnotes":""},"categories":[1],"tags":[],"class_list":["post-159225","post","type-post","status-publish","format-standard","has-post-thumbnail","hentry","category-startseite"],"_links":{"self":[{"href":"https:\/\/www.fuldaernachrichten.de\/index.php?rest_route=\/wp\/v2\/posts\/159225","targetHints":{"allow":["GET"]}}],"collection":[{"href":"https:\/\/www.fuldaernachrichten.de\/index.php?rest_route=\/wp\/v2\/posts"}],"about":[{"href":"https:\/\/www.fuldaernachrichten.de\/index.php?rest_route=\/wp\/v2\/types\/post"}],"author":[{"embeddable":true,"href":"https:\/\/www.fuldaernachrichten.de\/index.php?rest_route=\/wp\/v2\/users\/1"}],"replies":[{"embeddable":true,"href":"https:\/\/www.fuldaernachrichten.de\/index.php?rest_route=%2Fwp%2Fv2%2Fcomments&post=159225"}],"version-history":[{"count":1,"href":"https:\/\/www.fuldaernachrichten.de\/index.php?rest_route=\/wp\/v2\/posts\/159225\/revisions"}],"predecessor-version":[{"id":159233,"href":"https:\/\/www.fuldaernachrichten.de\/index.php?rest_route=\/wp\/v2\/posts\/159225\/revisions\/159233"}],"wp:featuredmedia":[{"embeddable":true,"href":"https:\/\/www.fuldaernachrichten.de\/index.php?rest_route=\/wp\/v2\/media\/159231"}],"wp:attachment":[{"href":"https:\/\/www.fuldaernachrichten.de\/index.php?rest_route=%2Fwp%2Fv2%2Fmedia&parent=159225"}],"wp:term":[{"taxonomy":"category","embeddable":true,"href":"https:\/\/www.fuldaernachrichten.de\/index.php?rest_route=%2Fwp%2Fv2%2Fcategories&post=159225"},{"taxonomy":"post_tag","embeddable":true,"href":"https:\/\/www.fuldaernachrichten.de\/index.php?rest_route=%2Fwp%2Fv2%2Ftags&post=159225"}],"curies":[{"name":"wp","href":"https:\/\/api.w.org\/{rel}","templated":true}]}}