{"id":159219,"date":"2017-01-17T09:41:43","date_gmt":"2017-01-17T08:41:43","guid":{"rendered":"http:\/\/www.fuldaer-nachrichten.de\/?p=159219"},"modified":"2017-01-17T09:41:43","modified_gmt":"2017-01-17T08:41:43","slug":"neujahrsfeier-und-probenstart-fuers-jubilaeum","status":"publish","type":"post","link":"https:\/\/www.fuldaernachrichten.de\/?p=159219","title":{"rendered":"Neujahrsfeier und Probenstart f\u00fcrs Jubil\u00e4um"},"content":{"rendered":"<p>Gleich ein gro\u00dfes wichtiges Projekt hatte der CaritasChor 65+ vor Augen, als er sich k\u00fcrzlich zu seiner Neujahrsfeier und zum Probenauftakt 2017 traf: Am 31. Januar um 14.00 Uhr wird das Ensemble aus rund 50 sangesfreudigen Seniorinnen und Senioren beim Festgottesdienst im Fuldaer Dom zur offiziellen Jubil\u00e4umsfeier des Caritasverbandes f\u00fcr die Di\u00f6zese Fulda singen, wenn die Caritas ihren 100. Geburtstag feiert. Di\u00f6zesan-Caritasdirektor Dr. Markus Juch nutzte die erste Probe der neuen Saison, um dem Projektchor und seiner Leiterin Sr. Hildegard Wolters f\u00fcr seine gelungenen Auftritte im vergangenen Jahr \u2013 etwa beim Festakt zur Verleihung des Elisabeth-Preises \u2013 zu danken und ihm viel Erfolg und Vergn\u00fcgen im Zuge der weiteren musikalischen Arbeit zu w\u00fcnschen. Der CaritasChor 65+ war 2010 im Rahmen der damaligen Caritas-Jahreskampagne \u201eExperten f\u00fcrs Leben\u201c gegr\u00fcndet worden und hatte seinen ersten Auftritt dann bei der Er\u00f6ffnung des Caritas-Sonntages mit Caritas-Pr\u00e4sident Dr. Peter Neher in Fulda gehabt.<\/p>\n<p>Bei der Neujahrsfeier 2017 nutzten wegen personeller Verschiebungen bei der Caritas der neue Ressortleiter Soziale Dienste \/ Gemeindecaritas, Franz J. Meyer, und Gemeindecaritas-Referentin Daniela Manke die Zusammenkunft, um sich dem Chor in der neuen Zust\u00e4ndigkeit vorzustellen. Der Chor organisiert sich eigenst\u00e4ndig und legt die Proben fest, die immer projektbezogen laufen. Jedoch erh\u00e4lt der Chor als Caritas-Ensemble \u201elogistische Betreuung\u201c, die \u00fcber die Gemeindecaritas organisiert wird. Interessenten, die gerne einsteigen und beim n\u00e4chsten Projekt mitsingen wollen, k\u00f6nnen sich daher gerne an das Sekretariat des Caritas-Ressorts Soziale Dienste wenden (Tel. 0661 \/ 2428-111 \u2013 Frau Altmann). Im Namen des Chores bedankte sich bei der Neujahrsfeier Chormitglied Josef Hillenbrand f\u00fcr das Vertrauen, das der Verband den S\u00e4ngerinnen und S\u00e4ngern immer wieder mit den Engagements auf Caritas-Veranstaltungen entgegenbringe. Man freue sich sehr, auch bei der bevorstehenden Jubil\u00e4umsfeier dabei sein zu d\u00fcrfen. Auch Chorleiterin Sr. Hildegard hielt eine kurze Ansprache und dankte wiederum allen treuen S\u00e4ngerinnen und S\u00e4ngern, ohne die sie als Chorleiterin schlie\u00dflich auch einfach gar nichts sei: \u201eNur gemeinsam sind wir in der Lage immer wieder aufs Neue etwas Gutes zu schaffen!\u201c In diese Richtung weisen auch die f\u00fcnf Leitlinien, die sich das Chorensemble selbst gegeben hat: Es geht beim Chor 65+ um die Freude am Singen, um Singen als Lebenskraft, um die Gemeinschaft, die in freiwilliger Verbindlichkeit gelebt wird, um sch\u00f6ne Sangesprojekte zu realisieren.<\/p>\n","protected":false},"excerpt":{"rendered":"<div class=\"tmnf_excerpt\"><p>Gleich ein gro\u00dfes wichtiges Projekt hatte der CaritasChor 65+ vor Augen, als er sich k\u00fcrzlich zu seiner Neujahrsfeier und zum Probenauftakt 2017 traf: Am 31. Januar um 14.00 Uhr wird das Ensemble aus rund 50 sangesfreudigen Seniorinnen und Senioren beim Festgottesdienst im Fuldaer Dom zur offiziellen Jubil\u00e4umsfeier des Caritasverbandes f\u00fcr die Di\u00f6zese Fulda singen, wenn &hellip;<\/p>\n<\/div>","protected":false},"author":1,"featured_media":159223,"comment_status":"closed","ping_status":"closed","sticky":false,"template":"","format":"standard","meta":{"footnotes":""},"categories":[1],"tags":[],"class_list":["post-159219","post","type-post","status-publish","format-standard","has-post-thumbnail","hentry","category-startseite"],"_links":{"self":[{"href":"https:\/\/www.fuldaernachrichten.de\/index.php?rest_route=\/wp\/v2\/posts\/159219","targetHints":{"allow":["GET"]}}],"collection":[{"href":"https:\/\/www.fuldaernachrichten.de\/index.php?rest_route=\/wp\/v2\/posts"}],"about":[{"href":"https:\/\/www.fuldaernachrichten.de\/index.php?rest_route=\/wp\/v2\/types\/post"}],"author":[{"embeddable":true,"href":"https:\/\/www.fuldaernachrichten.de\/index.php?rest_route=\/wp\/v2\/users\/1"}],"replies":[{"embeddable":true,"href":"https:\/\/www.fuldaernachrichten.de\/index.php?rest_route=%2Fwp%2Fv2%2Fcomments&post=159219"}],"version-history":[{"count":1,"href":"https:\/\/www.fuldaernachrichten.de\/index.php?rest_route=\/wp\/v2\/posts\/159219\/revisions"}],"predecessor-version":[{"id":159224,"href":"https:\/\/www.fuldaernachrichten.de\/index.php?rest_route=\/wp\/v2\/posts\/159219\/revisions\/159224"}],"wp:featuredmedia":[{"embeddable":true,"href":"https:\/\/www.fuldaernachrichten.de\/index.php?rest_route=\/wp\/v2\/media\/159223"}],"wp:attachment":[{"href":"https:\/\/www.fuldaernachrichten.de\/index.php?rest_route=%2Fwp%2Fv2%2Fmedia&parent=159219"}],"wp:term":[{"taxonomy":"category","embeddable":true,"href":"https:\/\/www.fuldaernachrichten.de\/index.php?rest_route=%2Fwp%2Fv2%2Fcategories&post=159219"},{"taxonomy":"post_tag","embeddable":true,"href":"https:\/\/www.fuldaernachrichten.de\/index.php?rest_route=%2Fwp%2Fv2%2Ftags&post=159219"}],"curies":[{"name":"wp","href":"https:\/\/api.w.org\/{rel}","templated":true}]}}