{"id":159212,"date":"2017-01-17T09:43:59","date_gmt":"2017-01-17T08:43:59","guid":{"rendered":"http:\/\/www.fuldaer-nachrichten.de\/?p=159212"},"modified":"2017-01-17T09:43:59","modified_gmt":"2017-01-17T08:43:59","slug":"post-und-bistum-spenden-fuer-rosenbrot","status":"publish","type":"post","link":"https:\/\/www.fuldaernachrichten.de\/?p=159212","title":{"rendered":"Post und Bistum spenden f\u00fcr \u201eRosenbrot\u201c"},"content":{"rendered":"<p>Die Deutsche Post AG und das Bistum Fulda unterst\u00fctzen in einer gemeinsamen Aktion mit einer Spende die Arbeit des Projekts \u201eRosenbrot\u201c des Sozialdienstes katholischer Frauen (SkF). Am Montag, 16. Januar, \u00fcberreichten Vertreter der Deutschen Post im Beisein von Generalvikar Prof. Dr. Gerhard Stanke T-Shirts, Sporthosen und Turnschuhe im Wert von 500 Euro an die im Projekt \u201eRosenbrot\u201c betreuten Grundschulkinder. Das Bistum stellt denselben Betrag zur Verf\u00fcgung, um anstehende Projekte zu unterst\u00fctzen, in denen die Kinder z.B. lernen, Gef\u00fchle auszudr\u00fccken oder Medienkompetenz erwerben.<br \/>\nLothar Schindler von der Deutschen Post betonte die soziale Verantwortung seines Unternehmens, das gerade lokale Initiativen besonders gern unterst\u00fctze. Generalvikar Stanke bekr\u00e4ftigte, dass \u201eRosenbrot\u201c den Kindern ein Selbstwertgef\u00fchl gebe und ihnen durch gezielte Ma\u00dfnahmen die Teilhabe am Leben in unserer Gesellschaft erm\u00f6gliche. Die Spendenaktion von Deutscher Post und Bistum schaffe, so Christa Steinhauer-Friedrich und Ursula Schmitt (beide Rosenbrot) den Rahmen, um sportliche Aktivit\u00e4ten der \u201eRosenbrot-Kinder\u201c zu erm\u00f6glichen, sie auf diese Weise zu f\u00f6rdern und zu integrieren. Ewald Vogel (SkF) hob noch einmal die klassischen Angebote von Rosenbrot wie Mittagessen f\u00fcr Hungrige, Hausaufgabenhilfe, Lernhilfe und kreative Anregungen hervor und dankte Deutscher Post und Bistum f\u00fcr die Spendenaktion.<\/p>\n<p>Die Vermittlung von Bildung, Werten und sozialer Kompetenz f\u00fcr Kinder im Grundschulalter geh\u00f6rt zu den Schwerpunkten der Arbeit des SkF-Projekts \u201eRosenbrot\u201c. Erfahrene Erzieherinnen und gut ausgebildete ehrenamtliche Mitarbeiter fordern und f\u00f6rdern die Kinder, die t\u00e4glich von mittags bis in den sp\u00e4ten Nachmittag hinein zu \u201eRosenbrot\u201c kommen. Weitere Informationen unter rosenbrot@skf-fulda.de.<\/p>\n","protected":false},"excerpt":{"rendered":"<div class=\"tmnf_excerpt\"><p>Die Deutsche Post AG und das Bistum Fulda unterst\u00fctzen in einer gemeinsamen Aktion mit einer Spende die Arbeit des Projekts \u201eRosenbrot\u201c des Sozialdienstes katholischer Frauen (SkF). Am Montag, 16. Januar, \u00fcberreichten Vertreter der Deutschen Post im Beisein von Generalvikar Prof. Dr. Gerhard Stanke T-Shirts, Sporthosen und Turnschuhe im Wert von 500 Euro an die im &hellip;<\/p>\n<\/div>","protected":false},"author":1,"featured_media":159227,"comment_status":"closed","ping_status":"closed","sticky":false,"template":"","format":"gallery","meta":{"footnotes":""},"categories":[1],"tags":[],"class_list":["post-159212","post","type-post","status-publish","format-gallery","has-post-thumbnail","hentry","category-startseite","post_format-post-format-gallery"],"_links":{"self":[{"href":"https:\/\/www.fuldaernachrichten.de\/index.php?rest_route=\/wp\/v2\/posts\/159212","targetHints":{"allow":["GET"]}}],"collection":[{"href":"https:\/\/www.fuldaernachrichten.de\/index.php?rest_route=\/wp\/v2\/posts"}],"about":[{"href":"https:\/\/www.fuldaernachrichten.de\/index.php?rest_route=\/wp\/v2\/types\/post"}],"author":[{"embeddable":true,"href":"https:\/\/www.fuldaernachrichten.de\/index.php?rest_route=\/wp\/v2\/users\/1"}],"replies":[{"embeddable":true,"href":"https:\/\/www.fuldaernachrichten.de\/index.php?rest_route=%2Fwp%2Fv2%2Fcomments&post=159212"}],"version-history":[{"count":1,"href":"https:\/\/www.fuldaernachrichten.de\/index.php?rest_route=\/wp\/v2\/posts\/159212\/revisions"}],"predecessor-version":[{"id":159239,"href":"https:\/\/www.fuldaernachrichten.de\/index.php?rest_route=\/wp\/v2\/posts\/159212\/revisions\/159239"}],"wp:featuredmedia":[{"embeddable":true,"href":"https:\/\/www.fuldaernachrichten.de\/index.php?rest_route=\/wp\/v2\/media\/159227"}],"wp:attachment":[{"href":"https:\/\/www.fuldaernachrichten.de\/index.php?rest_route=%2Fwp%2Fv2%2Fmedia&parent=159212"}],"wp:term":[{"taxonomy":"category","embeddable":true,"href":"https:\/\/www.fuldaernachrichten.de\/index.php?rest_route=%2Fwp%2Fv2%2Fcategories&post=159212"},{"taxonomy":"post_tag","embeddable":true,"href":"https:\/\/www.fuldaernachrichten.de\/index.php?rest_route=%2Fwp%2Fv2%2Ftags&post=159212"}],"curies":[{"name":"wp","href":"https:\/\/api.w.org\/{rel}","templated":true}]}}