{"id":159203,"date":"2017-01-16T11:38:29","date_gmt":"2017-01-16T10:38:29","guid":{"rendered":"http:\/\/www.fuldaer-nachrichten.de\/?p=159203"},"modified":"2017-01-16T11:38:29","modified_gmt":"2017-01-16T10:38:29","slug":"bischof-algermissen-bei-angehenden-gemeindereferenten","status":"publish","type":"post","link":"https:\/\/www.fuldaernachrichten.de\/?p=159203","title":{"rendered":"Bischof Algermissen bei angehenden Gemeindereferenten"},"content":{"rendered":"<p>Bischof Heinz Josef Algermissen hat j\u00fcngst gemeinsam mit Di\u00f6zesanreferent und Ausbildungsleiter Marcus Henning k\u00fcnftige Gemeindereferenten der Di\u00f6zese in Paderborn besucht. 13 Frauen und M\u00e4nner studieren derzeit am Pauluskolleg f\u00fcr das Bistum Fulda Religionsp\u00e4dagogik. In einer Gespr\u00e4chsrunde gab es einen offenen Austausch \u00fcber ihre pastorale Erfahrungen in den Heimat- und Praktikumspfarreien. Der Bischof beantwortete Fragen der Studierenden \u00fcber die Entwicklung des Berufs des Gemeindereferenten und die Schwerpunkte seiner bisherigen Amtszeit als Bischof von Fulda. Am Ende des Besuch fand ein kurzer Gottesdienst mit Segen statt.<\/p>\n","protected":false},"excerpt":{"rendered":"<div class=\"tmnf_excerpt\"><p>Bischof Heinz Josef Algermissen hat j\u00fcngst gemeinsam mit Di\u00f6zesanreferent und Ausbildungsleiter Marcus Henning k\u00fcnftige Gemeindereferenten der Di\u00f6zese in Paderborn besucht. 13 Frauen und M\u00e4nner studieren derzeit am Pauluskolleg f\u00fcr das Bistum Fulda Religionsp\u00e4dagogik. In einer Gespr\u00e4chsrunde gab es einen offenen Austausch \u00fcber ihre pastorale Erfahrungen in den Heimat- und Praktikumspfarreien. Der Bischof beantwortete Fragen der &hellip;<\/p>\n<\/div>","protected":false},"author":1,"featured_media":159206,"comment_status":"closed","ping_status":"closed","sticky":false,"template":"","format":"standard","meta":{"footnotes":""},"categories":[1],"tags":[],"class_list":["post-159203","post","type-post","status-publish","format-standard","has-post-thumbnail","hentry","category-startseite"],"_links":{"self":[{"href":"https:\/\/www.fuldaernachrichten.de\/index.php?rest_route=\/wp\/v2\/posts\/159203","targetHints":{"allow":["GET"]}}],"collection":[{"href":"https:\/\/www.fuldaernachrichten.de\/index.php?rest_route=\/wp\/v2\/posts"}],"about":[{"href":"https:\/\/www.fuldaernachrichten.de\/index.php?rest_route=\/wp\/v2\/types\/post"}],"author":[{"embeddable":true,"href":"https:\/\/www.fuldaernachrichten.de\/index.php?rest_route=\/wp\/v2\/users\/1"}],"replies":[{"embeddable":true,"href":"https:\/\/www.fuldaernachrichten.de\/index.php?rest_route=%2Fwp%2Fv2%2Fcomments&post=159203"}],"version-history":[{"count":1,"href":"https:\/\/www.fuldaernachrichten.de\/index.php?rest_route=\/wp\/v2\/posts\/159203\/revisions"}],"predecessor-version":[{"id":159207,"href":"https:\/\/www.fuldaernachrichten.de\/index.php?rest_route=\/wp\/v2\/posts\/159203\/revisions\/159207"}],"wp:featuredmedia":[{"embeddable":true,"href":"https:\/\/www.fuldaernachrichten.de\/index.php?rest_route=\/wp\/v2\/media\/159206"}],"wp:attachment":[{"href":"https:\/\/www.fuldaernachrichten.de\/index.php?rest_route=%2Fwp%2Fv2%2Fmedia&parent=159203"}],"wp:term":[{"taxonomy":"category","embeddable":true,"href":"https:\/\/www.fuldaernachrichten.de\/index.php?rest_route=%2Fwp%2Fv2%2Fcategories&post=159203"},{"taxonomy":"post_tag","embeddable":true,"href":"https:\/\/www.fuldaernachrichten.de\/index.php?rest_route=%2Fwp%2Fv2%2Ftags&post=159203"}],"curies":[{"name":"wp","href":"https:\/\/api.w.org\/{rel}","templated":true}]}}