{"id":159199,"date":"2017-01-16T11:36:15","date_gmt":"2017-01-16T10:36:15","guid":{"rendered":"http:\/\/www.fuldaer-nachrichten.de\/?p=159199"},"modified":"2017-01-16T11:36:15","modified_gmt":"2017-01-16T10:36:15","slug":"fit-fuer-den-beruf-weiterkommen-mit-der-vhs-2","status":"publish","type":"post","link":"https:\/\/www.fuldaernachrichten.de\/?p=159199","title":{"rendered":"Fit f\u00fcr den Beruf &#8211; Weiterkommen mit der vhs"},"content":{"rendered":"<p>Am 31. Januar 2017 startet die vhs ihr Fr\u00fchjahrssemester und der Fachbereich Berufliche Bildung und EDV geht mit vielen neuen Themen, die der beruflichen und allgemeinen Weiterbildung dienen, an den Start.<\/p>\n<p>Mit den Tagesseminaren \u201eBesser verhandeln \u2013 Ziele erreichen\u201c, \u201eErfolgreich delegieren und motivieren\u201c, \u201eSicher vortragen und geschickt \u00fcberzeugen\u201c und\u00c2\u00a0 \u201eKreativ denken \u2013 neue Ideen entwickeln\u201c werden Kommunikations- und F\u00fchrungskompetenzen erweitert. Wer sich im Beruf oder im Verein mit dem Finden neuer Ideen\u00c2\u00a0 befasst,\u00c2\u00a0 wird im Seminar \u201eKreativ denken\u00c2\u00a0 &#8211; neue Ideen entwickeln\u201c Anregungen und Tipps erhalten.<\/p>\n<p>Das Angebot zur \u201eProfilPASS-Beratung\u201c\u00c2\u00a0 sowie die Seminare zum Thema \u201eErfolgreich bewerben\u201c\u00c2\u00a0 richtet sich an Menschen, die zur\u00fcck in den Beruf wollen oder einen Stellenwechsel planen. Ihnen wird das Angebot zielf\u00fchrende Unterst\u00fctzung geben.<\/p>\n<p>Die\u00c2\u00a0 Vortragsreihe \u201eDigitalisierung in der Arbeitswelt\u201c\u00c2\u00a0 befasst sich mit den Chancen und Herausforderungen der Arbeitswelt 4.0. Der digitale Wandel ver\u00e4ndert zunehmend unsere Arbeitswelt, nicht nur in der Industrie. Neue Technologien erm\u00f6glichen flexiblere Arbeitsformen, erleichtern und ver\u00e4ndern\u00c2\u00a0 Arbeitsprozesse und setzen zunehmend auf die Ver\u00e4nderungsbereitschaft der Arbeitnehmer. Die Vortr\u00e4ge werden als Webinar angeboten, d. h., Dozenten aus ganz Deutschland werden per Live-\u00dcbertragung direkt in den Seminarraum der vhs \u00fcbertragen.\u00c2\u00a0 Teilnehmende k\u00f6nnen sich im Anschluss an den Vortrag \u00fcber ein Chatmodul in die Diskussion einbringen. Eine Mitarbeiterin der vhs ist vor Ort und moderiert die Diskussion.<br \/>\nDer Lehrgang \u201eXpert Business \u2013 Finanzbuchf\u00fchrung I\u201c, wird samstags in Lauterbach angeboten. Der Lehrgang ist der erste von drei Modulen, die auf die Xpert Business Gepr\u00fcfte Fachkraft Finanzbuchf\u00fchrung vorbereitet.<\/p>\n<p>Wer EDV-Kenntnisse neu erlangen oder erweitern m\u00f6chte, wird eine Vielzahl an\u00c2\u00a0 EDV-Kurse zu den aktuellen Betriebssystemen und Anwendungsprogrammen von Microsoft\u00c2\u00a0 im vhs-Programm finden und das Angebot von Einf\u00fchrungs- und Aufbaukursen\u00c2\u00a0 zur Handhabung von Tablets, Laptops und Smartphones auf unterschiedlichen Betriebssystemen\u00c2\u00a0 ist auf mehrere St\u00e4dte und Gemeinden des Vogelsbergkreises ausgeweitet worden.<\/p>\n<p>Auch im Fr\u00fchjahr\u00c2\u00a0 bietet die vhs Bildungsurlaube zu den Themen \u201eFit im B\u00fcro: Der perfekte Einstieg mit Office 2010\u201c\u00c2\u00a0 und \u201eFit im B\u00fcro mit Office &#8211; Aufbauwissen\u201c an. Der Kurs \u201eWord 2010 f\u00fcr den Beruf \u2013 Fortgeschrittene Techniken\u201c\u00c2\u00a0 wendet sich an Interessierte, die bereits mit Word arbeiten und ihr Anwendungswissen beim Erstellen von Serienbriefen und normgerechten Gesch\u00e4ftsbriefen erweitern wollen. Sie werden Tipps f\u00fcr Briefvorlagen erhalten, lernen Excel-Tabellen einbinden u.v.m..<\/p>\n<p>Wer wenig Zeit f\u00fcr l\u00e4ngerfristig angelegt EDV-Kurse hat und sich in K\u00fcrze \u00fcber das Wichtigste bei der Handhabung\u00c2\u00a0 der Office-Programme aneignen will, wird die kurzen Grundlagen- und Aufbauworkshops \u201eWord 2010\u201c, \u201ePower Point 2010\u201c, \u201eExcel 2010\u201c und \u201eInternetnutzung\u201c\u00c2\u00a0 f\u00fcr sich nutzen k\u00f6nnen.<\/p>\n<p>F\u00fcr Menschen, die t\u00e4glich mit dem Computer konfrontiert werden und noch nach dem 2 Finger Suchsystem schreiben und f\u00fcr Texte, Briefe oder E-Mails eine halbe Ewigkeit brauchen, deshalb mit ihrer t\u00e4glichen Arbeit nicht fertig werden und dies \u00e4ndern wollen, denen seien die Kurse \u201eTastschreiben am PC\u201c empfohlen. Hier lernen sie das Zehn-Finger-Tastschreiben (Blindschreiben) mit Einf\u00fchrung in die Textverarbeitung Word unter Beachtung der DIN-Vorschriften 5008.<\/p>\n<p>Mit den Kursen zum Bildbearbeitungsprogramm von Adobe Lightroom kann das Wissen in der Bearbeitung von Bildern am PC erweitert werden und wer seine Fotos mit dem Smartphone macht, wird im Kurs \u201eDigitale Fotos verwalten \u2013 von Smartphone oder Digitalkamera\u201c Antworten finden, wie diese auf dem PC gesichert und weiterbearbeitet werden k\u00f6nnen. Die Kurse zu WordPress unterst\u00fctzen beim Erstellen von Webseiten.<\/p>\n<p>Informationen zu den Kursen und Kursberatung erhalten Interessierte bei der Volkshochschule des Vogelsbergkreises, Telefon 06631\/792 7820 zu den Gesch\u00e4ftszeiten der vhs, per E-Mail (info@vhs-vogelsberg.de) oder \u00fcber das Internet unter www.vhs-vogelsberg.de.<br \/>\nAnmeldungen zu allen Kursen sind schon m\u00f6glich.<\/p>\n","protected":false},"excerpt":{"rendered":"<div class=\"tmnf_excerpt\"><p>Am 31. Januar 2017 startet die vhs ihr Fr\u00fchjahrssemester und der Fachbereich Berufliche Bildung und EDV geht mit vielen neuen Themen, die der beruflichen und allgemeinen Weiterbildung dienen, an den Start. Mit den Tagesseminaren \u201eBesser verhandeln \u2013 Ziele erreichen\u201c, \u201eErfolgreich delegieren und motivieren\u201c, \u201eSicher vortragen und geschickt \u00fcberzeugen\u201c und\u00c2\u00a0 \u201eKreativ denken \u2013 neue Ideen entwickeln\u201c &hellip;<\/p>\n<\/div>","protected":false},"author":1,"featured_media":0,"comment_status":"closed","ping_status":"closed","sticky":false,"template":"","format":"standard","meta":{"footnotes":""},"categories":[1],"tags":[],"class_list":["post-159199","post","type-post","status-publish","format-standard","hentry","category-startseite"],"_links":{"self":[{"href":"https:\/\/www.fuldaernachrichten.de\/index.php?rest_route=\/wp\/v2\/posts\/159199","targetHints":{"allow":["GET"]}}],"collection":[{"href":"https:\/\/www.fuldaernachrichten.de\/index.php?rest_route=\/wp\/v2\/posts"}],"about":[{"href":"https:\/\/www.fuldaernachrichten.de\/index.php?rest_route=\/wp\/v2\/types\/post"}],"author":[{"embeddable":true,"href":"https:\/\/www.fuldaernachrichten.de\/index.php?rest_route=\/wp\/v2\/users\/1"}],"replies":[{"embeddable":true,"href":"https:\/\/www.fuldaernachrichten.de\/index.php?rest_route=%2Fwp%2Fv2%2Fcomments&post=159199"}],"version-history":[{"count":1,"href":"https:\/\/www.fuldaernachrichten.de\/index.php?rest_route=\/wp\/v2\/posts\/159199\/revisions"}],"predecessor-version":[{"id":159202,"href":"https:\/\/www.fuldaernachrichten.de\/index.php?rest_route=\/wp\/v2\/posts\/159199\/revisions\/159202"}],"wp:attachment":[{"href":"https:\/\/www.fuldaernachrichten.de\/index.php?rest_route=%2Fwp%2Fv2%2Fmedia&parent=159199"}],"wp:term":[{"taxonomy":"category","embeddable":true,"href":"https:\/\/www.fuldaernachrichten.de\/index.php?rest_route=%2Fwp%2Fv2%2Fcategories&post=159199"},{"taxonomy":"post_tag","embeddable":true,"href":"https:\/\/www.fuldaernachrichten.de\/index.php?rest_route=%2Fwp%2Fv2%2Ftags&post=159199"}],"curies":[{"name":"wp","href":"https:\/\/api.w.org\/{rel}","templated":true}]}}