{"id":159197,"date":"2017-01-16T11:35:52","date_gmt":"2017-01-16T10:35:52","guid":{"rendered":"http:\/\/www.fuldaer-nachrichten.de\/?p=159197"},"modified":"2017-01-16T11:35:52","modified_gmt":"2017-01-16T10:35:52","slug":"positiver-rueckblick-und-auftakt-fuer-die-naechste-runde","status":"publish","type":"post","link":"https:\/\/www.fuldaernachrichten.de\/?p=159197","title":{"rendered":"Positiver R\u00fcckblick und Auftakt f\u00fcr die n\u00e4chste \u201eRunde\u201c"},"content":{"rendered":"<p>Nach Neujahr ist das Zusammentreffen aller ehrenamtlichen Helfer vom Caritas-Weihnachtsmarktstand zu einem gemeinsamen Res\u00fcmee bei Kaffee und Kuchen in der Mensa der Caritas-Werkst\u00e4tten schon gute Tradition \u2013 blickt man doch seitens der Behindertenhilfe auch bereits auf 14 Jahre derartiges gemeinsames Engagement in den Adventswochen zur\u00fcck. Angesichts winterlicher Witterung, Erk\u00e4ltungswelle und vor allem Bus-Streik war die Teilnahme geringer als in den Vorjahren, sodass sich nur etwa 40 Personen zusammenfanden um \u00fcber die Vorbereitungen und den Erfolg des Standes zu sprechen. Der Caritas-Ressortleiter Behindertenhilfe und Psychiatrie, Dominique Vilmin, richtete die offiziellen Gr\u00fc\u00dfe von der Verbandsspitze aus und betonte, wie wichtig ihm dieses Ehrenamts-Projekt \u201eWeihnachtsmarktstand\u201c sei, das nach seinem Ermessen das beste Freiwilligenprojekt \u00fcberhaupt sei, weil es so viele verschiedene Menschen f\u00fcr eine gemeinsame und immer erfolgreichere Sache zusammenf\u00fchre.<\/p>\n<p>Auch Bernd Wystrach betonte, dass es sich um ein wichtiges Projekt der Behindertenhilfe handele, denn der Weihnachtsmarktstand basiere einzig und allein auf freiwilliger und unentgeltlicher Mitarbeit. Mit dabei seien Mitarbeiter, Familienangeh\u00f6rige, hauptamtliche Caritas-Arbeitskr\u00e4fte und so genannte VIPs aus Politik und Kirche, die ebenfalls \u201eVerkaufsschichten\u201c ableisteten \u2013 und das sogar sehr erfolgreich. Der Weihnachtsmarktstand, so Wystrach, sei bereits ein funktionierendes Inklusionsprojekt gewesen, bevor dieser Begriff woanders \u00fcberhaupt zum ersten Mal erw\u00e4hnt wurde. Alle Beteiligten seien sich einig, dass dieser Stand vielen Menschen Freude bereitet, den Kunden und den Verk\u00e4ufern. Verkauft w\u00fcrden nur Produkte aus Behinderten-Werkst\u00e4tten und Eigenprodukte, allen voran die mittlerweile in Fulda regelrecht ber\u00fchmten Strickwaren. Die Produktion daf\u00fcr beginne immer direkt im Januar, und 2016 waren \u00fcber 1.200 Wollsockenpaare auf diese Weise produziert worden.\u00c2\u00a0 Nat\u00fcrlich stehe die neue Wolle auch schon neben der Kaffeetafel bereit, wie\u00c2\u00a0 Regina G\u00e4rtner und Lucia Nitsche-Goldbach vom Organisationsteam anmerkten\u00e2\u20ac\u00a6<\/p>\n<p>Als Vertreterin der Stadt Fulda sprach Stadtr\u00e4tin Sibylle Herbert, die Gr\u00fc\u00dfe von OB Wingenfeld und B\u00fcrgermeister Wehner ausrichtete. Die Kommunalpolitikerin zeigte sich beeindruckt von der Arbeit des gro\u00dfen Caritas-Ehrenamtsteams\u00c2\u00a0 und versicherte, auch sie w\u00fcrde im n\u00e4chsten Advent sicher f\u00fcr eine Verkaufsschicht am Stand der Caritas-Behindertenhilfe zur Verf\u00fcgung stehen.<\/p>\n<p>Der neue im Jahre 2016 in der Carisma-Werkstatt in Maberzell hergestellte Verkaufsstand hat beim Weihnachtsmarkt seine Bew\u00e4hrungsprobe bestanden, und auch der neue Standort neben der Stadtpfarrkirche sei ideal, so die einhellige Meinung in der Runde der anwesenden Verk\u00e4uferinnen und Verk\u00e4ufer. Der Reinerl\u00f6s aus dem Verkauf am Caritas-Stand flie\u00dft wie in den vergangenen Jahren auch der Arbeit des Freizeitclubs zu, von dem f\u00fcr Werkstattmitarbeiterinnen und -mitarbeiter ma\u00dfgeschneiderte kostenlose Freizeitangebote wie Ausfl\u00fcge, Wanderungen, Besichtigungen und Theaterbesuche organisiert und durchgef\u00fchrt werden. Der Freizeitclub feiert in diesem Jahr \u00fcbrigens sein 35. Jahr des Bestehens; dazu wird es im August ein gro\u00dfes Fest geben.<\/p>\n","protected":false},"excerpt":{"rendered":"<div class=\"tmnf_excerpt\"><p>Nach Neujahr ist das Zusammentreffen aller ehrenamtlichen Helfer vom Caritas-Weihnachtsmarktstand zu einem gemeinsamen Res\u00fcmee bei Kaffee und Kuchen in der Mensa der Caritas-Werkst\u00e4tten schon gute Tradition \u2013 blickt man doch seitens der Behindertenhilfe auch bereits auf 14 Jahre derartiges gemeinsames Engagement in den Adventswochen zur\u00fcck. Angesichts winterlicher Witterung, Erk\u00e4ltungswelle und vor allem Bus-Streik war die &hellip;<\/p>\n<\/div>","protected":false},"author":1,"featured_media":159200,"comment_status":"closed","ping_status":"closed","sticky":false,"template":"","format":"standard","meta":{"footnotes":""},"categories":[1],"tags":[],"class_list":["post-159197","post","type-post","status-publish","format-standard","has-post-thumbnail","hentry","category-startseite"],"_links":{"self":[{"href":"https:\/\/www.fuldaernachrichten.de\/index.php?rest_route=\/wp\/v2\/posts\/159197","targetHints":{"allow":["GET"]}}],"collection":[{"href":"https:\/\/www.fuldaernachrichten.de\/index.php?rest_route=\/wp\/v2\/posts"}],"about":[{"href":"https:\/\/www.fuldaernachrichten.de\/index.php?rest_route=\/wp\/v2\/types\/post"}],"author":[{"embeddable":true,"href":"https:\/\/www.fuldaernachrichten.de\/index.php?rest_route=\/wp\/v2\/users\/1"}],"replies":[{"embeddable":true,"href":"https:\/\/www.fuldaernachrichten.de\/index.php?rest_route=%2Fwp%2Fv2%2Fcomments&post=159197"}],"version-history":[{"count":1,"href":"https:\/\/www.fuldaernachrichten.de\/index.php?rest_route=\/wp\/v2\/posts\/159197\/revisions"}],"predecessor-version":[{"id":159201,"href":"https:\/\/www.fuldaernachrichten.de\/index.php?rest_route=\/wp\/v2\/posts\/159197\/revisions\/159201"}],"wp:featuredmedia":[{"embeddable":true,"href":"https:\/\/www.fuldaernachrichten.de\/index.php?rest_route=\/wp\/v2\/media\/159200"}],"wp:attachment":[{"href":"https:\/\/www.fuldaernachrichten.de\/index.php?rest_route=%2Fwp%2Fv2%2Fmedia&parent=159197"}],"wp:term":[{"taxonomy":"category","embeddable":true,"href":"https:\/\/www.fuldaernachrichten.de\/index.php?rest_route=%2Fwp%2Fv2%2Fcategories&post=159197"},{"taxonomy":"post_tag","embeddable":true,"href":"https:\/\/www.fuldaernachrichten.de\/index.php?rest_route=%2Fwp%2Fv2%2Ftags&post=159197"}],"curies":[{"name":"wp","href":"https:\/\/api.w.org\/{rel}","templated":true}]}}