{"id":159193,"date":"2017-01-16T11:35:16","date_gmt":"2017-01-16T10:35:16","guid":{"rendered":"http:\/\/www.fuldaer-nachrichten.de\/?p=159193"},"modified":"2017-01-16T11:35:16","modified_gmt":"2017-01-16T10:35:16","slug":"4-pianomarathon-der-musikschule-fulda","status":"publish","type":"post","link":"https:\/\/www.fuldaernachrichten.de\/?p=159193","title":{"rendered":"4. Pianomarathon der Musikschule Fulda"},"content":{"rendered":"<p>Am kommenden Samstag, 21. Januar findet der 4. Pianomarathon der Musikschule Fulda, Klavierklasse Maja Zirkunow, statt. Die Veranstaltung beginnt um 18:00 Uhr in der Aula der Alten Universit\u00e4t.<\/p>\n<p>Was hat ein Marathonlauf mit einem Pianisten gemeinsam? Sind es die Finger, deren unz\u00e4hlige Bewegungen mehrere Meter oder gar Kilometer an einem Konzertabend zur\u00fccklegen? Oder sind es vielleicht die Ausdauer und Geschwindigkeit, mit der so manches St\u00fcck gemeistert werden muss?<\/p>\n<p>Die f\u00fcr den Titel des Konzerts der Klavierklasse Maja Zirkunow entscheidende Gemeinsamkeit liegt jedenfalls in der Herausforderung, der sich Kinder und Jugendliche der Musikschule der Stadt stellen, wenn sie beschlie\u00dfen, an einem Wettbewerb wie Jugend Musiziert teilzunehmen. Gleich einem Sportler, der beispielsweise vor den Olympischen Spielen eine ganze Reihe anderer Wettk\u00e4mpfe bestreitet, um seine Form zu testen, brauchen auch die jungen Pianistinnen und Pianisten Gelegenheiten zum Konzertieren, um sich an ein \u00f6ffentliches Vorspielen gew\u00f6hnen zu k\u00f6nnen.<\/p>\n<p>Alle Talente haben ihre Ausdauer bereits mehrfach bei Konzerten und teilweise bundesweiten Wettbewerben unter Beweis gestellt: Erik Oldenburg, Letizia Bott, Eileen Tolsdorf, Cornelia Baumbach, Emely Koch, Alina Kisner, Anton L\u00f6bens und Jana Kisner freuen sich, dem Publikum auch beim 4. Pianomarathon wieder ein vielseitiges Programm aus allen Epochen anbieten zu k\u00f6nnen. Es werden Werke von Bach, H\u00e4ndel, Cimarosa, Haydn, Beethoven, Schubert, Schumann, Chopin, Liszt, Grieg, Sibelius, Debussy, Prokofjew und Bartok erklingen.<\/p>\n<p>Der Eintritt ist frei, gerne darf vor Ort etwas f\u00fcr den F\u00f6rderverein der Musikschule gespendet werden.<\/p>\n","protected":false},"excerpt":{"rendered":"<div class=\"tmnf_excerpt\"><p>Am kommenden Samstag, 21. Januar findet der 4. Pianomarathon der Musikschule Fulda, Klavierklasse Maja Zirkunow, statt. Die Veranstaltung beginnt um 18:00 Uhr in der Aula der Alten Universit\u00e4t. Was hat ein Marathonlauf mit einem Pianisten gemeinsam? Sind es die Finger, deren unz\u00e4hlige Bewegungen mehrere Meter oder gar Kilometer an einem Konzertabend zur\u00fccklegen? Oder sind es &hellip;<\/p>\n<\/div>","protected":false},"author":1,"featured_media":0,"comment_status":"closed","ping_status":"closed","sticky":false,"template":"","format":"standard","meta":{"footnotes":""},"categories":[1],"tags":[],"class_list":["post-159193","post","type-post","status-publish","format-standard","hentry","category-startseite"],"_links":{"self":[{"href":"https:\/\/www.fuldaernachrichten.de\/index.php?rest_route=\/wp\/v2\/posts\/159193","targetHints":{"allow":["GET"]}}],"collection":[{"href":"https:\/\/www.fuldaernachrichten.de\/index.php?rest_route=\/wp\/v2\/posts"}],"about":[{"href":"https:\/\/www.fuldaernachrichten.de\/index.php?rest_route=\/wp\/v2\/types\/post"}],"author":[{"embeddable":true,"href":"https:\/\/www.fuldaernachrichten.de\/index.php?rest_route=\/wp\/v2\/users\/1"}],"replies":[{"embeddable":true,"href":"https:\/\/www.fuldaernachrichten.de\/index.php?rest_route=%2Fwp%2Fv2%2Fcomments&post=159193"}],"version-history":[{"count":1,"href":"https:\/\/www.fuldaernachrichten.de\/index.php?rest_route=\/wp\/v2\/posts\/159193\/revisions"}],"predecessor-version":[{"id":159198,"href":"https:\/\/www.fuldaernachrichten.de\/index.php?rest_route=\/wp\/v2\/posts\/159193\/revisions\/159198"}],"wp:attachment":[{"href":"https:\/\/www.fuldaernachrichten.de\/index.php?rest_route=%2Fwp%2Fv2%2Fmedia&parent=159193"}],"wp:term":[{"taxonomy":"category","embeddable":true,"href":"https:\/\/www.fuldaernachrichten.de\/index.php?rest_route=%2Fwp%2Fv2%2Fcategories&post=159193"},{"taxonomy":"post_tag","embeddable":true,"href":"https:\/\/www.fuldaernachrichten.de\/index.php?rest_route=%2Fwp%2Fv2%2Ftags&post=159193"}],"curies":[{"name":"wp","href":"https:\/\/api.w.org\/{rel}","templated":true}]}}