{"id":159155,"date":"2017-01-13T18:14:49","date_gmt":"2017-01-13T17:14:49","guid":{"rendered":"http:\/\/www.fuldaer-nachrichten.de\/?p=159155"},"modified":"2017-01-13T18:14:49","modified_gmt":"2017-01-13T17:14:49","slug":"vogelsberger-familienbuendnis-fortsetzung-der-vulkanbewegung-zum-zweiten-mal-gesundheitstage","status":"publish","type":"post","link":"https:\/\/www.fuldaernachrichten.de\/?p=159155","title":{"rendered":"Vogelsberger Familienb\u00fcndnis: Fortsetzung der \u201eVulkanBewegung\u201c \u2013 Zum zweiten Mal Gesundheitstage"},"content":{"rendered":"<p>Einmal angenommen: Viele junge und alte Vogelsbergerinnen und Vogelsberger in allen St\u00e4dten und Gemeinden des Kreises tun zeitgleich etwas f\u00fcr ihre Gesundheit und sind Teil einer gro\u00dfen \u201eVulkanBewegung\u201c\u00e2\u20ac\u00a6 w\u00e4re das nicht eine sch\u00f6ne Vorstellung? Genau das war vor zwei Jahren die Idee des Vogelsberger Familienb\u00fcndnisses \u2013 und jetzt kommt die Fortsetzung: Am Samstag, 6. Mai und Sonntag, 7. Mai sollen wieder kreisweite Gesundheitstage stattfinden.<\/p>\n<p>Bei der Premiere vor zwei Jahren gab es 19 Aktionen in 10 St\u00e4dten und Gemeinden, fast 800 Teilnehmerinnen und Teilnehmer haben mitgemacht. Viele Partner w\u00fcnschten sich eine Fortsetzung der kreisweiten Gesundheitstage. Deshalb ruft das Familienb\u00fcndnis gemeinsam mit Landrat Manfred G\u00f6rig und dem Ersten Kreisbeigeordneten Dr. Jens Mischak jetzt zur zweiten \u201eVulkanBewegung\u201c auf. Es werden Partner vor Ort gesucht, die in Eigenregie in ihrer Stadt oder Gemeinde ein m\u00f6glichst familienfreundliches Angebot organisieren. In Betracht kommen alle Vereine, aber auch Unternehmen, Fitnessstudios, Apotheken, Betriebssportgruppen und andere mehr.<\/p>\n<p>Das Familienb\u00fcndnis und die Kreisverwaltung werden die Partner bei der \u00d6ffentlichkeitsarbeit unterst\u00fctzen, indem Logo und Handzettel- sowie Plakatentw\u00fcrfe zur Verf\u00fcgung gestellt werden. \u201eWir k\u00f6nnen uns auf hoffentlich wieder auf zahlreiche familienfreundliche Gesundheits- und Bewegungsaktionen im Kreis freuen\u201c, hoffen Landrat G\u00f6rig und Erster Kreisbeigeordneter Mischak. \u201eSchlie\u00dflich nutzen diese Aktivit\u00e4ten nicht nur der Gesundheit der Teilnehmer, sondern bedeuten auch einen Imagegewinn f\u00fcr die Partner vor Ort in den St\u00e4dten und Gemeinden.\u201c<\/p>\n<p>Alle Angebote und Aktionen im Kreis sollen auf der Homepage des Familienb\u00fcndnisses ver\u00f6ffentlicht werden, damit ein vollst\u00e4ndiger \u00dcberblick \u00fcber die \u201eVulkanBewegung\u201c m\u00f6glich ist. Fotos von der Premiere sind \u00fcbrigens hier zu finden: http:\/\/www.vogelsberg-familienfreundlich.de\/gut-gelaufen.html.<\/p>\n<p>Wer sich beteiligen m\u00f6chte, wird gebeten, sich bis Mitte Februar bei der B\u00fcndniskoordina\u00c2\u00adtorin, Sandra Obenhack, per Tel. 06641\/977-3404 oder E-Mail sandra.obenhack@vogelsbergkreis.de zu melden. Dort gibt es auch weitere Ausk\u00fcnfte zur Aktion.<\/p>\n","protected":false},"excerpt":{"rendered":"<div class=\"tmnf_excerpt\"><p>Einmal angenommen: Viele junge und alte Vogelsbergerinnen und Vogelsberger in allen St\u00e4dten und Gemeinden des Kreises tun zeitgleich etwas f\u00fcr ihre Gesundheit und sind Teil einer gro\u00dfen \u201eVulkanBewegung\u201c\u00e2\u20ac\u00a6 w\u00e4re das nicht eine sch\u00f6ne Vorstellung? Genau das war vor zwei Jahren die Idee des Vogelsberger Familienb\u00fcndnisses \u2013 und jetzt kommt die Fortsetzung: Am Samstag, 6. Mai &hellip;<\/p>\n<\/div>","protected":false},"author":1,"featured_media":159166,"comment_status":"closed","ping_status":"closed","sticky":false,"template":"","format":"standard","meta":{"footnotes":""},"categories":[1],"tags":[],"class_list":["post-159155","post","type-post","status-publish","format-standard","has-post-thumbnail","hentry","category-startseite"],"_links":{"self":[{"href":"https:\/\/www.fuldaernachrichten.de\/index.php?rest_route=\/wp\/v2\/posts\/159155","targetHints":{"allow":["GET"]}}],"collection":[{"href":"https:\/\/www.fuldaernachrichten.de\/index.php?rest_route=\/wp\/v2\/posts"}],"about":[{"href":"https:\/\/www.fuldaernachrichten.de\/index.php?rest_route=\/wp\/v2\/types\/post"}],"author":[{"embeddable":true,"href":"https:\/\/www.fuldaernachrichten.de\/index.php?rest_route=\/wp\/v2\/users\/1"}],"replies":[{"embeddable":true,"href":"https:\/\/www.fuldaernachrichten.de\/index.php?rest_route=%2Fwp%2Fv2%2Fcomments&post=159155"}],"version-history":[{"count":1,"href":"https:\/\/www.fuldaernachrichten.de\/index.php?rest_route=\/wp\/v2\/posts\/159155\/revisions"}],"predecessor-version":[{"id":159167,"href":"https:\/\/www.fuldaernachrichten.de\/index.php?rest_route=\/wp\/v2\/posts\/159155\/revisions\/159167"}],"wp:featuredmedia":[{"embeddable":true,"href":"https:\/\/www.fuldaernachrichten.de\/index.php?rest_route=\/wp\/v2\/media\/159166"}],"wp:attachment":[{"href":"https:\/\/www.fuldaernachrichten.de\/index.php?rest_route=%2Fwp%2Fv2%2Fmedia&parent=159155"}],"wp:term":[{"taxonomy":"category","embeddable":true,"href":"https:\/\/www.fuldaernachrichten.de\/index.php?rest_route=%2Fwp%2Fv2%2Fcategories&post=159155"},{"taxonomy":"post_tag","embeddable":true,"href":"https:\/\/www.fuldaernachrichten.de\/index.php?rest_route=%2Fwp%2Fv2%2Ftags&post=159155"}],"curies":[{"name":"wp","href":"https:\/\/api.w.org\/{rel}","templated":true}]}}