{"id":159152,"date":"2017-01-13T18:11:48","date_gmt":"2017-01-13T17:11:48","guid":{"rendered":"http:\/\/www.fuldaer-nachrichten.de\/?p=159152"},"modified":"2017-01-13T18:11:48","modified_gmt":"2017-01-13T17:11:48","slug":"praesidium-des-deutschen-landkreistags-zu-gast-im-landkreis-fulda","status":"publish","type":"post","link":"https:\/\/www.fuldaernachrichten.de\/?p=159152","title":{"rendered":"Pr\u00e4sidium des Deutschen Landkreistags zu Gast im Landkreis Fulda"},"content":{"rendered":"<p>Der Deutsche Landkreistag (DLT) war mit seinem Pr\u00e4sidium, dem Landr\u00e4te aus der gesamten Bundesrepublik angeh\u00f6ren, am 10. und 11. Januar zu Gast im Landkreis Fulda. Auf der Tageordnung standen vor allem die j\u00fcngsten bundespolitischen Entwicklungen im Zusammenhang mit der St\u00e4rkung der Finanzkraft der Landkreise, auch mit Blick auf die Herausforderungen etwa im Bereich der Integration von Fl\u00fcchtlingen.<\/p>\n<p>Pr\u00e4sident Landrat Reinhard Sager blickte zur\u00fcck auf das vergangene Jahr und sagte, dass in 2016 auf Bundesebene viel f\u00fcr die Landkreise erreicht worden sei, vor allem in Bezug auf die f\u00fcnf Milliarden Euro zur St\u00e4rkung der kommunalen Finanzkraft. Jetzt m\u00fcsse es verst\u00e4rkt darum gehen, die Finanzsituation der Kommunen auch in struktureller Hinsicht zu verbessern. Dar\u00fcber hinaus sprach sich das DLT-Pr\u00e4sidium f\u00fcr eine weitere Beschleunigung der Asylverfahren und eine konsequente Abschiebung abgelehnter Asylbewerber aus. Schlie\u00dflich spielte die beabsichtigte Reform des Unterhaltsvorschusses eine Rolle. Hier wurde die Forderung nach einer Verfahrensvereinfachung erhoben, um B\u00fcrgern und Landkreisen Doppelarbeit zu ersparen.<\/p>\n","protected":false},"excerpt":{"rendered":"<div class=\"tmnf_excerpt\"><p>Der Deutsche Landkreistag (DLT) war mit seinem Pr\u00e4sidium, dem Landr\u00e4te aus der gesamten Bundesrepublik angeh\u00f6ren, am 10. und 11. Januar zu Gast im Landkreis Fulda. Auf der Tageordnung standen vor allem die j\u00fcngsten bundespolitischen Entwicklungen im Zusammenhang mit der St\u00e4rkung der Finanzkraft der Landkreise, auch mit Blick auf die Herausforderungen etwa im Bereich der Integration &hellip;<\/p>\n<\/div>","protected":false},"author":1,"featured_media":159159,"comment_status":"closed","ping_status":"closed","sticky":false,"template":"","format":"standard","meta":{"footnotes":""},"categories":[1],"tags":[],"class_list":["post-159152","post","type-post","status-publish","format-standard","has-post-thumbnail","hentry","category-startseite"],"_links":{"self":[{"href":"https:\/\/www.fuldaernachrichten.de\/index.php?rest_route=\/wp\/v2\/posts\/159152","targetHints":{"allow":["GET"]}}],"collection":[{"href":"https:\/\/www.fuldaernachrichten.de\/index.php?rest_route=\/wp\/v2\/posts"}],"about":[{"href":"https:\/\/www.fuldaernachrichten.de\/index.php?rest_route=\/wp\/v2\/types\/post"}],"author":[{"embeddable":true,"href":"https:\/\/www.fuldaernachrichten.de\/index.php?rest_route=\/wp\/v2\/users\/1"}],"replies":[{"embeddable":true,"href":"https:\/\/www.fuldaernachrichten.de\/index.php?rest_route=%2Fwp%2Fv2%2Fcomments&post=159152"}],"version-history":[{"count":1,"href":"https:\/\/www.fuldaernachrichten.de\/index.php?rest_route=\/wp\/v2\/posts\/159152\/revisions"}],"predecessor-version":[{"id":159161,"href":"https:\/\/www.fuldaernachrichten.de\/index.php?rest_route=\/wp\/v2\/posts\/159152\/revisions\/159161"}],"wp:featuredmedia":[{"embeddable":true,"href":"https:\/\/www.fuldaernachrichten.de\/index.php?rest_route=\/wp\/v2\/media\/159159"}],"wp:attachment":[{"href":"https:\/\/www.fuldaernachrichten.de\/index.php?rest_route=%2Fwp%2Fv2%2Fmedia&parent=159152"}],"wp:term":[{"taxonomy":"category","embeddable":true,"href":"https:\/\/www.fuldaernachrichten.de\/index.php?rest_route=%2Fwp%2Fv2%2Fcategories&post=159152"},{"taxonomy":"post_tag","embeddable":true,"href":"https:\/\/www.fuldaernachrichten.de\/index.php?rest_route=%2Fwp%2Fv2%2Ftags&post=159152"}],"curies":[{"name":"wp","href":"https:\/\/api.w.org\/{rel}","templated":true}]}}