{"id":159127,"date":"2017-01-12T20:36:50","date_gmt":"2017-01-12T19:36:50","guid":{"rendered":"http:\/\/www.fuldaer-nachrichten.de\/?p=159127"},"modified":"2017-01-12T20:40:34","modified_gmt":"2017-01-12T19:40:34","slug":"presse-mitteilung-der-tanner-diakoniezentrum-gemeinnuetzige-gmbh-ansprechperson-boris-stoecklein-tel-0-66-82-96-03-10-e-mail-bstoeckleintanner-diakonie-d-3","status":"publish","type":"post","link":"https:\/\/www.fuldaernachrichten.de\/?p=159127","title":{"rendered":"Spende \u00fcber 9.414,76 \u00e2\u201a\u00ac und gute Aussichten f\u00fcr das Jahr 2017!"},"content":{"rendered":"<p>Bei ihrer Jahresauftaktveranstaltung erhielt die Einrichtung einen Scheck\u00c2\u00a0 \u00fcber 9.414,76 \u00e2\u201a\u00ac. Bei der Spende handelt es sich um den Reinerl\u00f6s aus dem Verkauf des Tanner Adventskalenders 2016. Mit den Spendeneinnahmen sollen Therapieger\u00e4te beschafft werden, mit denen eine Verbesserung der Bewegungs- und Funktionsf\u00e4higkeit f\u00fcr in der Mobilit\u00e4t eingeschr\u00e4nkte Menschen erreicht wird.<\/p>\n<p><a href=\"http:\/\/www.fuldaer-nachrichten.de\/wp-content\/uploads\/2017\/01\/Tanner-Diakonie-Jahresauftakt-1.jpg\"><img decoding=\"async\" class=\"alignleft size-thumbnail wp-image-159136\" src=\"http:\/\/www.fuldaer-nachrichten.de\/wp-content\/uploads\/2017\/01\/Tanner-Diakonie-Jahresauftakt-1-265x177.jpg\" alt=\"\" width=\"265\" height=\"177\" srcset=\"https:\/\/www.fuldaernachrichten.de\/wp-content\/uploads\/2017\/01\/Tanner-Diakonie-Jahresauftakt-1-265x177.jpg 265w, https:\/\/www.fuldaernachrichten.de\/wp-content\/uploads\/2017\/01\/Tanner-Diakonie-Jahresauftakt-1-768x514.jpg 768w, https:\/\/www.fuldaernachrichten.de\/wp-content\/uploads\/2017\/01\/Tanner-Diakonie-Jahresauftakt-1-600x401.jpg 600w, https:\/\/www.fuldaernachrichten.de\/wp-content\/uploads\/2017\/01\/Tanner-Diakonie-Jahresauftakt-1.jpg 900w\" sizes=\"(max-width: 265px) 100vw, 265px\" \/><\/a>Im Rahmen der Jahresauftaktveranstaltung der Tanner Diakonie \u00fcberreichte Pfarrer Kai Kleina, Vorstandsmitglied des Tanner Tr\u00e4gervereins Haus Noah e.V. und Tanns B\u00fcrgermeister Mario D\u00e4nner, Schirmherr des Projektes, die \u201eFr\u00fcchte\u201c der Spendenaktion in Form eines Schecks an die Verantwortlichen der Einrichtung. Stefan Burkard, Gesch\u00e4ftsf\u00fchrer der Tanner Diakonie, und Alexander Schrott, Heimbeiratsvorsitzender, sowie die anwesenden Bewohner und Mitarbeiter nahmen den Scheck mit gro\u00dfer Freude entgegen. Die Spendeneinnahmen sollen f\u00fcr die Beschaffung von Therapieger\u00e4ten eingesetzt werden. Mitarbeiter aus der Tagesst\u00e4tte zeigten den G\u00e4sten, welche erweiterten Therapiem\u00f6glichkeiten mit diesen Investitionen m\u00f6glich sind. Unter anderem soll ein sogenanntes Stehbrett, ein Sitz- und Steharbeitstisch und ein Vibrations- und Massageger\u00e4t beschafft werden. Angewendet werden die speziellen Therapieger\u00e4te von geschulten Fachpersonal der Einrichtung, hierzu z\u00e4hlen Physio-, Arbeits- und Besch\u00e4ftigungstherapeuten. Die fachgerechte Anwendung dieser Therapieger\u00e4te erm\u00f6glicht Menschen, die in ihrer Mobilit\u00e4t eingeschr\u00e4nkt sind, unter anderem ihre K\u00f6rperstellung im Raum wahrzunehmen, weiterf\u00fchrende Bewegungsschulung der oberen Extremit\u00e4ten sowie Atemwegstherapien anzuwenden.<\/p>\n<p>Stefan Burkard, Gesch\u00e4ftsf\u00fchrer der Tanner Diakonie, ist sich sicher, dass die Mittel genau dort eingesetzt werden, wo sie dringend gebraucht werden. Anhand von Beispielen aus dem zur\u00fcckliegenden Jubil\u00e4umsjahr \u201e25 Jahre Tanner Diakonie\u201c in 2016 zeigte er, wie die Mittel aus dem Adventskalender 2015 eingesetzt wurden. Zahlreiche Inklusionsprojekt, beispielsweise mit den heimischen Kinderg\u00e4rten, Schulen und Fl\u00fcchtlingen wurden durchgef\u00fchrt. Hierunter z\u00e4hlen interaktive Mal-, Filz- und Theateraktionen. Brigitte Ader, Bereichsleiterin der Tagesst\u00e4tte, begleitete die Inklusionsprojekte und berichtete \u00fcber die positiven Erfahrungen aus den Projekten. \u201eMit derartigen gemeinschaftlichen Aktivit\u00e4ten schaffen wir Ber\u00fchrungs\u00e4ngste ab und sorgen damit f\u00fcr ein besseres Miteinander\u201c, sagte sie und m\u00f6chte auch k\u00fcnftig an diese Erfolge ankn\u00fcpfen. Die Tanner Diakonie hat auch f\u00fcr das Jahr 2017 inklusive Veranstaltungen und attraktive Mitmachaktionen geplant.<\/p>\n<p>F\u00fcr das Jahr 2017 w\u00fcnscht Herr Stefan Burkard allen Bewohnern, Mitarbeitern, Sponsoren, Gesch\u00e4fts- und Kooperationspartner der Einrichtung alles erdenklich Gute f\u00fcr das Jahr 2017. Das neue Jahr bringe Herausforderungen und Chancen f\u00fcr die Tanner Diakonie. Als Beispiel nannte Stefan Burkard das Bundesteilhabegesetz, welches zum 01.01.2017 in Kraft getreten ist und die Neuausrichtung des Dienstleistungsbereiches der Einrichtung.<\/p>\n","protected":false},"excerpt":{"rendered":"<div class=\"tmnf_excerpt\"><p>Bei ihrer Jahresauftaktveranstaltung erhielt die Einrichtung einen Scheck\u00c2\u00a0 \u00fcber 9.414,76 \u00e2\u201a\u00ac. Bei der Spende handelt es sich um den Reinerl\u00f6s aus dem Verkauf des Tanner Adventskalenders 2016. Mit den Spendeneinnahmen sollen Therapieger\u00e4te beschafft werden, mit denen eine Verbesserung der Bewegungs- und Funktionsf\u00e4higkeit f\u00fcr in der Mobilit\u00e4t eingeschr\u00e4nkte Menschen erreicht wird. Im Rahmen der Jahresauftaktveranstaltung der &hellip;<\/p>\n<\/div>","protected":false},"author":1,"featured_media":159135,"comment_status":"closed","ping_status":"closed","sticky":false,"template":"","format":"standard","meta":{"footnotes":""},"categories":[1],"tags":[],"class_list":["post-159127","post","type-post","status-publish","format-standard","has-post-thumbnail","hentry","category-startseite"],"_links":{"self":[{"href":"https:\/\/www.fuldaernachrichten.de\/index.php?rest_route=\/wp\/v2\/posts\/159127","targetHints":{"allow":["GET"]}}],"collection":[{"href":"https:\/\/www.fuldaernachrichten.de\/index.php?rest_route=\/wp\/v2\/posts"}],"about":[{"href":"https:\/\/www.fuldaernachrichten.de\/index.php?rest_route=\/wp\/v2\/types\/post"}],"author":[{"embeddable":true,"href":"https:\/\/www.fuldaernachrichten.de\/index.php?rest_route=\/wp\/v2\/users\/1"}],"replies":[{"embeddable":true,"href":"https:\/\/www.fuldaernachrichten.de\/index.php?rest_route=%2Fwp%2Fv2%2Fcomments&post=159127"}],"version-history":[{"count":2,"href":"https:\/\/www.fuldaernachrichten.de\/index.php?rest_route=\/wp\/v2\/posts\/159127\/revisions"}],"predecessor-version":[{"id":159151,"href":"https:\/\/www.fuldaernachrichten.de\/index.php?rest_route=\/wp\/v2\/posts\/159127\/revisions\/159151"}],"wp:featuredmedia":[{"embeddable":true,"href":"https:\/\/www.fuldaernachrichten.de\/index.php?rest_route=\/wp\/v2\/media\/159135"}],"wp:attachment":[{"href":"https:\/\/www.fuldaernachrichten.de\/index.php?rest_route=%2Fwp%2Fv2%2Fmedia&parent=159127"}],"wp:term":[{"taxonomy":"category","embeddable":true,"href":"https:\/\/www.fuldaernachrichten.de\/index.php?rest_route=%2Fwp%2Fv2%2Fcategories&post=159127"},{"taxonomy":"post_tag","embeddable":true,"href":"https:\/\/www.fuldaernachrichten.de\/index.php?rest_route=%2Fwp%2Fv2%2Ftags&post=159127"}],"curies":[{"name":"wp","href":"https:\/\/api.w.org\/{rel}","templated":true}]}}