{"id":159115,"date":"2017-01-12T20:34:26","date_gmt":"2017-01-12T19:34:26","guid":{"rendered":"http:\/\/www.fuldaer-nachrichten.de\/?p=159115"},"modified":"2017-01-12T20:34:26","modified_gmt":"2017-01-12T19:34:26","slug":"coole-idee-fuer-jedermann-spass-auf-natureisbahn","status":"publish","type":"post","link":"https:\/\/www.fuldaernachrichten.de\/?p=159115","title":{"rendered":"Coole Idee f\u00fcr Jedermann \u2013 Spa\u00df auf Natureisbahn"},"content":{"rendered":"<p><a href=\"http:\/\/www.fuldaer-nachrichten.de\/wp-content\/uploads\/2017\/01\/P1030685.jpg\"><img fetchpriority=\"high\" decoding=\"async\" class=\"alignleft size-thumbnail wp-image-159122\" src=\"http:\/\/www.fuldaer-nachrichten.de\/wp-content\/uploads\/2017\/01\/P1030685-265x199.jpg\" alt=\"\" width=\"265\" height=\"199\" srcset=\"https:\/\/www.fuldaernachrichten.de\/wp-content\/uploads\/2017\/01\/P1030685-265x199.jpg 265w, https:\/\/www.fuldaernachrichten.de\/wp-content\/uploads\/2017\/01\/P1030685-768x576.jpg 768w, https:\/\/www.fuldaernachrichten.de\/wp-content\/uploads\/2017\/01\/P1030685-600x450.jpg 600w, https:\/\/www.fuldaernachrichten.de\/wp-content\/uploads\/2017\/01\/P1030685.jpg 900w\" sizes=\"(max-width: 265px) 100vw, 265px\" \/><\/a>Wenn es im Februar weiterhin sch\u00f6n kalt bleibt und die Temperaturen nicht steigen, dann bleibt auch die Natureisbahn in Hilders. Dank des Heimat-Gewerbe- und Verkehrsvereins Hilders und der Marktgemeinde Hilders konnte dieses Projekt umgesetzt werden. Am Sportplatzgel\u00e4nde in Hilders steht, wenn die Eisschicht h\u00e4lt eine 800m\u00c2\u00b2 gro\u00dfe Eisbahn zur Verf\u00fcgung. Eine coole Riesen-Gaudi f\u00fcr Gro\u00df und Klein und f\u00fcr die Kleinsten, stehen \u201eHilderser Ulster-Pinguine\u201c als Eislaufhilfen zur Verf\u00fcgung. Alle Schlittschuhfahrer k\u00f6nnen nun auch direkt an der guten Rh\u00f6nluft im Luftkurort Hilders Schlittschuh fahren und das Ganze auf der wohl gr\u00f6\u00dften Natureisbahn der Rh\u00f6n in Hilders. N\u00e4here Infos bekommen Sie bei der Tourist-Information Hilders.<\/p>\n","protected":false},"excerpt":{"rendered":"<div class=\"tmnf_excerpt\"><p>Wenn es im Februar weiterhin sch\u00f6n kalt bleibt und die Temperaturen nicht steigen, dann bleibt auch die Natureisbahn in Hilders. Dank des Heimat-Gewerbe- und Verkehrsvereins Hilders und der Marktgemeinde Hilders konnte dieses Projekt umgesetzt werden. Am Sportplatzgel\u00e4nde in Hilders steht, wenn die Eisschicht h\u00e4lt eine 800m\u00c2\u00b2 gro\u00dfe Eisbahn zur Verf\u00fcgung. Eine coole Riesen-Gaudi f\u00fcr Gro\u00df &hellip;<\/p>\n<\/div>","protected":false},"author":1,"featured_media":159121,"comment_status":"closed","ping_status":"closed","sticky":false,"template":"","format":"standard","meta":{"footnotes":""},"categories":[1],"tags":[],"class_list":["post-159115","post","type-post","status-publish","format-standard","has-post-thumbnail","hentry","category-startseite"],"_links":{"self":[{"href":"https:\/\/www.fuldaernachrichten.de\/index.php?rest_route=\/wp\/v2\/posts\/159115","targetHints":{"allow":["GET"]}}],"collection":[{"href":"https:\/\/www.fuldaernachrichten.de\/index.php?rest_route=\/wp\/v2\/posts"}],"about":[{"href":"https:\/\/www.fuldaernachrichten.de\/index.php?rest_route=\/wp\/v2\/types\/post"}],"author":[{"embeddable":true,"href":"https:\/\/www.fuldaernachrichten.de\/index.php?rest_route=\/wp\/v2\/users\/1"}],"replies":[{"embeddable":true,"href":"https:\/\/www.fuldaernachrichten.de\/index.php?rest_route=%2Fwp%2Fv2%2Fcomments&post=159115"}],"version-history":[{"count":1,"href":"https:\/\/www.fuldaernachrichten.de\/index.php?rest_route=\/wp\/v2\/posts\/159115\/revisions"}],"predecessor-version":[{"id":159123,"href":"https:\/\/www.fuldaernachrichten.de\/index.php?rest_route=\/wp\/v2\/posts\/159115\/revisions\/159123"}],"wp:featuredmedia":[{"embeddable":true,"href":"https:\/\/www.fuldaernachrichten.de\/index.php?rest_route=\/wp\/v2\/media\/159121"}],"wp:attachment":[{"href":"https:\/\/www.fuldaernachrichten.de\/index.php?rest_route=%2Fwp%2Fv2%2Fmedia&parent=159115"}],"wp:term":[{"taxonomy":"category","embeddable":true,"href":"https:\/\/www.fuldaernachrichten.de\/index.php?rest_route=%2Fwp%2Fv2%2Fcategories&post=159115"},{"taxonomy":"post_tag","embeddable":true,"href":"https:\/\/www.fuldaernachrichten.de\/index.php?rest_route=%2Fwp%2Fv2%2Ftags&post=159115"}],"curies":[{"name":"wp","href":"https:\/\/api.w.org\/{rel}","templated":true}]}}