{"id":159114,"date":"2017-01-12T20:33:47","date_gmt":"2017-01-12T19:33:47","guid":{"rendered":"http:\/\/www.fuldaer-nachrichten.de\/?p=159114"},"modified":"2017-01-12T20:33:47","modified_gmt":"2017-01-12T19:33:47","slug":"zusammen-sind-wir-heimat-neue-caritas-kampagne-fuer-das-jahr-2017-gestartet","status":"publish","type":"post","link":"https:\/\/www.fuldaernachrichten.de\/?p=159114","title":{"rendered":"Zusammen sind wir Heimat \u2013 neue Caritas-Kampagne f\u00fcr das Jahr 2017 gestartet"},"content":{"rendered":"<p>Gelingendes Zusammenleben von Einheimischen und Zuwanderern ist Thema der diesj\u00e4hrigen Caritas-Kampagne \u201eZusammen sind wir Heimat.\u201c, die gestern offiziell\u00c2\u00a0 in Berlin vorgestellt und gestartet wurde. Angesichts der gro\u00dfen Zahl der Fl\u00fcchtlinge, die in den vergangenen Jahren nach Deutschland gekommen sind, sind Einheimische und Zuwanderer dabei gleicherma\u00dfen gefordert ihren Beitrag f\u00fcr eine offene und vielf\u00e4ltigen Gesellschaft zu leisten, in der alle ihre Chancen und Entwicklungsm\u00f6glichkeiten haben. \u00e2\u20ac\u00a8\u00e2\u20ac\u00a8Dabei stellt die Caritas keineswegs in Abrede, dass eine solche Gesellschaft eine Herausforderung f\u00fcr viele bedeutet: \u201eZusammenleben in Vielfalt muss einge\u00fcbt werden\u201c, betonte zum Auftakt der Kampagne Caritas-Pr\u00e4sident Dr. Peter Neher. \u201eDazu geh\u00f6rt auch, sich mit Unterschieden in der Weltanschauung und der Lebensf\u00fchrung zu besch\u00e4ftigen und Differenzen und Konflikte auf der Basis einer freiheitlich-demokratischen Grundordnung auszutragen!\u201c\u00e2\u20ac\u00a8\u00e2\u20ac\u00a8Die Fl\u00fcchtlingsthematik habe zu einer starken gesellschaftlichen Polarisierung gef\u00fchrt. Neher warnte vor dem weiteren Erstarken des Rechtspopulismus in Deutschland. \u201eDamit geht teilweise eine Verrohung der Sprache einher, die mit einem besorgniserregenden Anstieg der Gewaltbereitschaft zusammenkommt.\u201c In Demokratien gebe es aber keine andere M\u00f6glichkeit, als Fakten zu pr\u00e4sentieren und miteinander zu diskutieren. Zu einer Versachlichung der Debatte geh\u00f6re auch, die in der Gesellschaft vorhandenen Sorgen und \u00c4ngste aufzunehmen und sich damit argumentativ auseinanderzusetzen.<\/p>\n<p>Auf den Dialog setzt auch der Fuldaer Di\u00f6zesan-Caritasdirektor Dr. Markus Juch, der sich zum Start der Kampagne mit dem Begriff \u201eHeimat\u201c auseinandersetzt: \u201eMit Heimat verbinden wir Menschen in der Regel doch alle etwas Gutes\u201c, betont er. \u201eEinen Ort, wo wir uns geerdet f\u00fchlen, wo wir Familie und Freunde haben, wo die Menschen ticken und sprechen wie wir selbst, eine Landschaft, die wir lieben, Br\u00e4uche, Feste, Essen und Trinken, Dinge, die uns vertraut sind. Helfen wir den Neuank\u00f6mmlingen, die ihre bisherige Heimat verloren haben, hier mit uns eine neue gemeinsame Heimat zu schaffen: Wir k\u00f6nnen voneinander lernen, einander helfen, gemeinsam arbeiten und auch gemeinsam feiern, wann immer es dazu Gr\u00fcnde gibt.<\/p>\n<p>Zusammen sind wir Heimat!\u201c<\/p>\n<p>Heimat werde jedenfalls bestimmt nicht dadurch gesch\u00fctzt oder bewahrt, indem man Grenzen ziehe, macht auch Caritas-Pr\u00e4sident Neher in seinem Statement deutlich. So d\u00fcrfe der Begriff der Heimat auch nicht rechten Gruppen \u00fcberlassen werden. Heimat, das seien die Menschen, die einander begegnen. \u201eHeimat entsteht, lebt und kann wachsen, indem wir unsere Sprache, unsere Kultur, unser Land teilen\u201c, so Neher. Genau das wolle die Caritas-Kampagne letztendlich deutlich machen.<\/p>\n<p>Unter www.zusammen-heimat.de finden Interessierte ab sofort alle Informationen zur neuen Caritas-Kampagne sowie einen Heimat-Quiz. Info-Materialien zur Kampagne k\u00f6nnen bei der Caritas in Fulda auch per Mail oder telefonisch angefordert werden: oeffentlichkeitsarbeit@caritas-fulda.de bzw. Tel. 0661 \/ 2428-161 (Frau Kl\u00fcber).<\/p>\n","protected":false},"excerpt":{"rendered":"<div class=\"tmnf_excerpt\"><p>Gelingendes Zusammenleben von Einheimischen und Zuwanderern ist Thema der diesj\u00e4hrigen Caritas-Kampagne \u201eZusammen sind wir Heimat.\u201c, die gestern offiziell\u00c2\u00a0 in Berlin vorgestellt und gestartet wurde. Angesichts der gro\u00dfen Zahl der Fl\u00fcchtlinge, die in den vergangenen Jahren nach Deutschland gekommen sind, sind Einheimische und Zuwanderer dabei gleicherma\u00dfen gefordert ihren Beitrag f\u00fcr eine offene und vielf\u00e4ltigen Gesellschaft zu &hellip;<\/p>\n<\/div>","protected":false},"author":1,"featured_media":159119,"comment_status":"closed","ping_status":"closed","sticky":false,"template":"","format":"standard","meta":{"footnotes":""},"categories":[1],"tags":[],"class_list":["post-159114","post","type-post","status-publish","format-standard","has-post-thumbnail","hentry","category-startseite"],"_links":{"self":[{"href":"https:\/\/www.fuldaernachrichten.de\/index.php?rest_route=\/wp\/v2\/posts\/159114","targetHints":{"allow":["GET"]}}],"collection":[{"href":"https:\/\/www.fuldaernachrichten.de\/index.php?rest_route=\/wp\/v2\/posts"}],"about":[{"href":"https:\/\/www.fuldaernachrichten.de\/index.php?rest_route=\/wp\/v2\/types\/post"}],"author":[{"embeddable":true,"href":"https:\/\/www.fuldaernachrichten.de\/index.php?rest_route=\/wp\/v2\/users\/1"}],"replies":[{"embeddable":true,"href":"https:\/\/www.fuldaernachrichten.de\/index.php?rest_route=%2Fwp%2Fv2%2Fcomments&post=159114"}],"version-history":[{"count":1,"href":"https:\/\/www.fuldaernachrichten.de\/index.php?rest_route=\/wp\/v2\/posts\/159114\/revisions"}],"predecessor-version":[{"id":159120,"href":"https:\/\/www.fuldaernachrichten.de\/index.php?rest_route=\/wp\/v2\/posts\/159114\/revisions\/159120"}],"wp:featuredmedia":[{"embeddable":true,"href":"https:\/\/www.fuldaernachrichten.de\/index.php?rest_route=\/wp\/v2\/media\/159119"}],"wp:attachment":[{"href":"https:\/\/www.fuldaernachrichten.de\/index.php?rest_route=%2Fwp%2Fv2%2Fmedia&parent=159114"}],"wp:term":[{"taxonomy":"category","embeddable":true,"href":"https:\/\/www.fuldaernachrichten.de\/index.php?rest_route=%2Fwp%2Fv2%2Fcategories&post=159114"},{"taxonomy":"post_tag","embeddable":true,"href":"https:\/\/www.fuldaernachrichten.de\/index.php?rest_route=%2Fwp%2Fv2%2Ftags&post=159114"}],"curies":[{"name":"wp","href":"https:\/\/api.w.org\/{rel}","templated":true}]}}