{"id":159093,"date":"2017-01-12T13:27:40","date_gmt":"2017-01-12T12:27:40","guid":{"rendered":"http:\/\/www.fuldaer-nachrichten.de\/?p=159093"},"modified":"2017-01-12T13:27:40","modified_gmt":"2017-01-12T12:27:40","slug":"40-jaehriges-dienstjubilaeum-von-walter-wenzel","status":"publish","type":"post","link":"https:\/\/www.fuldaernachrichten.de\/?p=159093","title":{"rendered":"40-j\u00e4hriges Dienstjubil\u00e4um von Walter Wenzel"},"content":{"rendered":"<p>Der langj\u00e4hrige Mitarbeiter des Abwasserverbandes Fulda, Walter Wenzel, konnte zu Anfang des neuen Jahres auf 40 Jahre im \u00f6ffentlichen Dienst zur\u00fcckblicken.<br \/>\nNach abgeschlossener Maurerlehre und einer 12-j\u00e4hrigen Dienstzeit als Berufssoldat bei der Bundeswehr nahm Walter Wenzel am 01.09.1987 seine Arbeit beim Abwasserverband Fulda auf. Der Ausbildung zum Ver- und Entsorger der Fachrichtung Abwasser folgte aufgrund seines Engagements und seiner Qualifikation schnell die Fortbildung zum gepr\u00fcften Abwassermeister. Seit vielen Jahren ist Walter Wenzel f\u00fcr die Betreuung der Au\u00dfenkl\u00e4rwerke beim Abwasserverbandes Fulda verantwortlich.<\/p>\n<p>Albert Glocker, Abteilungsleiter Kl\u00e4rwerke, bedankte sich bei seinem langj\u00e4hrigen Mitarbeiter f\u00fcr die hohe Einsatzbereitschaft und Zuverl\u00e4ssigkeit. Auch der Gesch\u00e4ftsf\u00fchrer, Joachim Adams, w\u00fcrdigte die langj\u00e4hrige Treue von Walter Wenzel zum Verband und seine vorbildliche Dienstauffassung. Besonders hob er auch dessen Einsatz f\u00fcr die Besch\u00e4ftigten des Verbandes als Mitglied des Personalrates hervor.<\/p>\n","protected":false},"excerpt":{"rendered":"<div class=\"tmnf_excerpt\"><p>Der langj\u00e4hrige Mitarbeiter des Abwasserverbandes Fulda, Walter Wenzel, konnte zu Anfang des neuen Jahres auf 40 Jahre im \u00f6ffentlichen Dienst zur\u00fcckblicken. Nach abgeschlossener Maurerlehre und einer 12-j\u00e4hrigen Dienstzeit als Berufssoldat bei der Bundeswehr nahm Walter Wenzel am 01.09.1987 seine Arbeit beim Abwasserverband Fulda auf. Der Ausbildung zum Ver- und Entsorger der Fachrichtung Abwasser folgte aufgrund &hellip;<\/p>\n<\/div>","protected":false},"author":1,"featured_media":159097,"comment_status":"closed","ping_status":"closed","sticky":false,"template":"","format":"standard","meta":{"footnotes":""},"categories":[1],"tags":[],"class_list":["post-159093","post","type-post","status-publish","format-standard","has-post-thumbnail","hentry","category-startseite"],"_links":{"self":[{"href":"https:\/\/www.fuldaernachrichten.de\/index.php?rest_route=\/wp\/v2\/posts\/159093","targetHints":{"allow":["GET"]}}],"collection":[{"href":"https:\/\/www.fuldaernachrichten.de\/index.php?rest_route=\/wp\/v2\/posts"}],"about":[{"href":"https:\/\/www.fuldaernachrichten.de\/index.php?rest_route=\/wp\/v2\/types\/post"}],"author":[{"embeddable":true,"href":"https:\/\/www.fuldaernachrichten.de\/index.php?rest_route=\/wp\/v2\/users\/1"}],"replies":[{"embeddable":true,"href":"https:\/\/www.fuldaernachrichten.de\/index.php?rest_route=%2Fwp%2Fv2%2Fcomments&post=159093"}],"version-history":[{"count":1,"href":"https:\/\/www.fuldaernachrichten.de\/index.php?rest_route=\/wp\/v2\/posts\/159093\/revisions"}],"predecessor-version":[{"id":159098,"href":"https:\/\/www.fuldaernachrichten.de\/index.php?rest_route=\/wp\/v2\/posts\/159093\/revisions\/159098"}],"wp:featuredmedia":[{"embeddable":true,"href":"https:\/\/www.fuldaernachrichten.de\/index.php?rest_route=\/wp\/v2\/media\/159097"}],"wp:attachment":[{"href":"https:\/\/www.fuldaernachrichten.de\/index.php?rest_route=%2Fwp%2Fv2%2Fmedia&parent=159093"}],"wp:term":[{"taxonomy":"category","embeddable":true,"href":"https:\/\/www.fuldaernachrichten.de\/index.php?rest_route=%2Fwp%2Fv2%2Fcategories&post=159093"},{"taxonomy":"post_tag","embeddable":true,"href":"https:\/\/www.fuldaernachrichten.de\/index.php?rest_route=%2Fwp%2Fv2%2Ftags&post=159093"}],"curies":[{"name":"wp","href":"https:\/\/api.w.org\/{rel}","templated":true}]}}