{"id":159092,"date":"2017-01-12T13:27:44","date_gmt":"2017-01-12T12:27:44","guid":{"rendered":"http:\/\/www.fuldaer-nachrichten.de\/?p=159092"},"modified":"2017-01-12T13:27:44","modified_gmt":"2017-01-12T12:27:44","slug":"die-massnahmen-haben-gegriffen-deutliche-verbesserung-der-hilfsfrist","status":"publish","type":"post","link":"https:\/\/www.fuldaernachrichten.de\/?p=159092","title":{"rendered":"\u201eDie Ma\u00dfnahmen haben gegriffen\u201c: Deutliche Verbesserung der Hilfsfrist"},"content":{"rendered":"<p>\u201eDie B\u00fcrgerinnen und B\u00fcrger auf dem Land haben das gleiche Recht auf Sicherheit in der Notfallversorgung wie Menschen im Ballungsraum.\u201c Diese Zielstellung hat Landrat Manfred G\u00f6rig (SPD) nach eigenen Worten bereits zu Beginn seiner Amtszeit 2013 bewogen, etliche Ma\u00dfnahmen zu ergreifen, damit Rettungswagen so schnell wie technisch und organisatorisch m\u00f6glich am Ort des Geschehens sind.<\/p>\n<p>Zum Jahresbeginn 2017 zeigt der Blick in die Statistik der Zentralen Leitstelle der Vogelsbergkreises: Die Zahlen sind um 18 Prozent besser als vor vier Jahren, berichtet Landrat G\u00f6rig in einer Pressemitteilung des Amtes f\u00fcr Aufsichts- und Ordnungsangelegenheiten, zu dem auch das Sachgebiet Gefahrenabwehr mit der Rettungsleitstelle geh\u00f6rt.<\/p>\n<p>\u201eDie Versorgungsqualit\u00e4t konnte deutlich gesteigert werden. Denn es\u00c2\u00a0 wurden\u00c2\u00a0 Abl\u00e4ufe verbessert\u00c2\u00a0 und Strukturen optimiert\u201c, so der Landrat.\u00c2\u00a0 Und vor allem: zus\u00e4tzliche Rettungswachen wurden im Sommer 2016 in Herbstein und Kirtorf eingerichtet. Dar\u00fcber hinaus wurde in Lauterbach und in Alsfeld jeweils ein Rettungswagen zus\u00e4tzlich stationiert. Landrat G\u00f6rig zeigt sich \u201esehr gl\u00fccklich \u00fcber diese deutliche Verbesserung\u201c der Vorhalteerh\u00f6hung und der Bereitschaftsstunden zum Wohle der Menschen, deren Sicherheit dadurch gesteigert werde.<\/p>\n<p>Verbesserung um 18 Prozent<\/p>\n<p>Die getroffenen Ma\u00dfnahmen zeigen ihre Wirkung auf folgende Weise: Erreichten die von der Leitstelle koordinierten Rettungswagen und Notarzteinsatzfahrzeuge im Jahr 2013 nur zu 67 Prozent eine Hilfsfrist von 10 Minuten, so hat sich dieser Wert bereits 2015 um 10 Prozent auf 77 Prozent und bis Ende 2016 nochmals um weitere 8 Prozent auf jetzt 85 Prozent verbessert, insgesamt also eine Verbesserung um 18 Prozent.<\/p>\n<p>Es habe sich als strategisch richtig erwiesen, Defizite klar zu erkennen und bereits ab Anfang 2013 viele Weichen gleichzeitig neu zu stellen: verbesserte Ablauforganisation, neue Hard- und Software, mehr Personal in der Leitstelle, bessere Ablauf-\u00dcberwachung und Ablauf-Auswertung und nicht zuletzt mehr Rettungswachen mit insgesamt mehr Fahrzeugen, so G\u00f6rig.<\/p>\n<p>\u201eIch bin sehr froh dar\u00fcber, dass gerade bei dieser Strukturausweitung die Krankenkassen zuverl\u00e4ssig an der Seite des Landkreises standen und zum Wohle der Bev\u00f6lkerung des l\u00e4ndlichen Raums, der aufgrund seiner Topographie im Hinblick auf die Versorgung mit rettungsdienstlichen Leistungen naturgem\u00e4\u00df besondere Schwierigkeiten bietet, engagiert mitwirkten.\u201c So kommentiert der Landrat den guten Ausgang der Verhandlungen zwischen Landkreis und Krankenkassen, die die Kosten der Ausweitung tragen.<\/p>\n<p>19 Fahrzeuge an 13 Standorten zur Verf\u00fcgung<\/p>\n<p>F\u00fcr die 19 St\u00e4dte und Gemeinden des Vogelsbergkreises stehen nun 19 Fahrzeuge an 13 Standorten zur Verf\u00fcgung (16 Rettungswagen und 3 Notzart-Einsatz-Fahrzeuge).<br \/>\nVon der Leitstelle in der Kreisverwaltung aus werden diese 19 Fahrzeuge koordiniert.<\/p>\n<p>Die gr\u00f6\u00dften Rettungswachen gibt es in Lauterbach und Alsfeld, wo zwei bzw. drei Rettungswagen stationiert sind (erg\u00e4nzt um jeweils einen Notarztwagen). Weitere 11 Rettungswachen mit jeweils einem Rettungswagen gibt es in Grebenhain, Freiensteinau, Schlitz, Grebenau, M\u00fccke-Nieder-Ohmen, Feldatal-K\u00f6ddingen, Homberg, Schotten, Kirtorf, Herbstein und Ulrichstein (in Ulrichstein steht der dritte Notarztwagen im Landkreis).<\/p>\n","protected":false},"excerpt":{"rendered":"<div class=\"tmnf_excerpt\"><p>\u201eDie B\u00fcrgerinnen und B\u00fcrger auf dem Land haben das gleiche Recht auf Sicherheit in der Notfallversorgung wie Menschen im Ballungsraum.\u201c Diese Zielstellung hat Landrat Manfred G\u00f6rig (SPD) nach eigenen Worten bereits zu Beginn seiner Amtszeit 2013 bewogen, etliche Ma\u00dfnahmen zu ergreifen, damit Rettungswagen so schnell wie technisch und organisatorisch m\u00f6glich am Ort des Geschehens sind. &hellip;<\/p>\n<\/div>","protected":false},"author":1,"featured_media":159096,"comment_status":"closed","ping_status":"closed","sticky":false,"template":"","format":"standard","meta":{"footnotes":""},"categories":[1],"tags":[],"class_list":["post-159092","post","type-post","status-publish","format-standard","has-post-thumbnail","hentry","category-startseite"],"_links":{"self":[{"href":"https:\/\/www.fuldaernachrichten.de\/index.php?rest_route=\/wp\/v2\/posts\/159092","targetHints":{"allow":["GET"]}}],"collection":[{"href":"https:\/\/www.fuldaernachrichten.de\/index.php?rest_route=\/wp\/v2\/posts"}],"about":[{"href":"https:\/\/www.fuldaernachrichten.de\/index.php?rest_route=\/wp\/v2\/types\/post"}],"author":[{"embeddable":true,"href":"https:\/\/www.fuldaernachrichten.de\/index.php?rest_route=\/wp\/v2\/users\/1"}],"replies":[{"embeddable":true,"href":"https:\/\/www.fuldaernachrichten.de\/index.php?rest_route=%2Fwp%2Fv2%2Fcomments&post=159092"}],"version-history":[{"count":1,"href":"https:\/\/www.fuldaernachrichten.de\/index.php?rest_route=\/wp\/v2\/posts\/159092\/revisions"}],"predecessor-version":[{"id":159099,"href":"https:\/\/www.fuldaernachrichten.de\/index.php?rest_route=\/wp\/v2\/posts\/159092\/revisions\/159099"}],"wp:featuredmedia":[{"embeddable":true,"href":"https:\/\/www.fuldaernachrichten.de\/index.php?rest_route=\/wp\/v2\/media\/159096"}],"wp:attachment":[{"href":"https:\/\/www.fuldaernachrichten.de\/index.php?rest_route=%2Fwp%2Fv2%2Fmedia&parent=159092"}],"wp:term":[{"taxonomy":"category","embeddable":true,"href":"https:\/\/www.fuldaernachrichten.de\/index.php?rest_route=%2Fwp%2Fv2%2Fcategories&post=159092"},{"taxonomy":"post_tag","embeddable":true,"href":"https:\/\/www.fuldaernachrichten.de\/index.php?rest_route=%2Fwp%2Fv2%2Ftags&post=159092"}],"curies":[{"name":"wp","href":"https:\/\/api.w.org\/{rel}","templated":true}]}}