{"id":159077,"date":"2017-01-11T10:51:37","date_gmt":"2017-01-11T09:51:37","guid":{"rendered":"http:\/\/www.fuldaer-nachrichten.de\/?p=159077"},"modified":"2017-01-11T10:51:37","modified_gmt":"2017-01-11T09:51:37","slug":"informationsveranstaltung-zur-pflegereform-psg-ii","status":"publish","type":"post","link":"https:\/\/www.fuldaernachrichten.de\/?p=159077","title":{"rendered":"Informationsveranstaltung zur Pflegereform PSG II"},"content":{"rendered":"<p>Eine Informationsveranstaltung zur Pflegereform PSG II bietet der Caritasverband f\u00fcr die Regionen Fulda und Geisa e.V., Tr\u00e4ger von Sozialstationen, am 30.Januar um 19.30 Uhr in der Caritas Altentagesst\u00e4tte in Fulda, Kanalstr. 1a (Am Hexenturm) an.<\/p>\n<p>Der neue Pflegebed\u00fcrftigkeitsbegriff, Pflegegrade statt Pflegestufen, das neue Begutachtungsverfahren und Bestandschutz sind unter anderem Inhalte des Vortrages von Diplom Pflegewirtin (FH) und P\u00e4dagogin f\u00fcr Pflege- und Gesundheitsberufe M.A Frau Angelika Rogowski.<\/p>\n<p>Eingeladen sind sowohl pflegende Angeh\u00f6rige als auch Interessierte. Die Veranstaltung ist kostenlos.<br \/>\nUm umgehende Anmeldung wird gebeten bei: Frau Angelika Rogowski, Tel. 0661-77855 oder per E \u2013 Mail: a.r.rogowski@gmx.de<\/p>\n","protected":false},"excerpt":{"rendered":"<div class=\"tmnf_excerpt\"><p>Eine Informationsveranstaltung zur Pflegereform PSG II bietet der Caritasverband f\u00fcr die Regionen Fulda und Geisa e.V., Tr\u00e4ger von Sozialstationen, am 30.Januar um 19.30 Uhr in der Caritas Altentagesst\u00e4tte in Fulda, Kanalstr. 1a (Am Hexenturm) an. Der neue Pflegebed\u00fcrftigkeitsbegriff, Pflegegrade statt Pflegestufen, das neue Begutachtungsverfahren und Bestandschutz sind unter anderem Inhalte des Vortrages von Diplom Pflegewirtin &hellip;<\/p>\n<\/div>","protected":false},"author":1,"featured_media":159078,"comment_status":"closed","ping_status":"closed","sticky":false,"template":"","format":"standard","meta":{"footnotes":""},"categories":[1],"tags":[],"class_list":["post-159077","post","type-post","status-publish","format-standard","has-post-thumbnail","hentry","category-startseite"],"_links":{"self":[{"href":"https:\/\/www.fuldaernachrichten.de\/index.php?rest_route=\/wp\/v2\/posts\/159077","targetHints":{"allow":["GET"]}}],"collection":[{"href":"https:\/\/www.fuldaernachrichten.de\/index.php?rest_route=\/wp\/v2\/posts"}],"about":[{"href":"https:\/\/www.fuldaernachrichten.de\/index.php?rest_route=\/wp\/v2\/types\/post"}],"author":[{"embeddable":true,"href":"https:\/\/www.fuldaernachrichten.de\/index.php?rest_route=\/wp\/v2\/users\/1"}],"replies":[{"embeddable":true,"href":"https:\/\/www.fuldaernachrichten.de\/index.php?rest_route=%2Fwp%2Fv2%2Fcomments&post=159077"}],"version-history":[{"count":1,"href":"https:\/\/www.fuldaernachrichten.de\/index.php?rest_route=\/wp\/v2\/posts\/159077\/revisions"}],"predecessor-version":[{"id":159079,"href":"https:\/\/www.fuldaernachrichten.de\/index.php?rest_route=\/wp\/v2\/posts\/159077\/revisions\/159079"}],"wp:featuredmedia":[{"embeddable":true,"href":"https:\/\/www.fuldaernachrichten.de\/index.php?rest_route=\/wp\/v2\/media\/159078"}],"wp:attachment":[{"href":"https:\/\/www.fuldaernachrichten.de\/index.php?rest_route=%2Fwp%2Fv2%2Fmedia&parent=159077"}],"wp:term":[{"taxonomy":"category","embeddable":true,"href":"https:\/\/www.fuldaernachrichten.de\/index.php?rest_route=%2Fwp%2Fv2%2Fcategories&post=159077"},{"taxonomy":"post_tag","embeddable":true,"href":"https:\/\/www.fuldaernachrichten.de\/index.php?rest_route=%2Fwp%2Fv2%2Ftags&post=159077"}],"curies":[{"name":"wp","href":"https:\/\/api.w.org\/{rel}","templated":true}]}}