{"id":159069,"date":"2017-01-10T18:53:20","date_gmt":"2017-01-10T17:53:20","guid":{"rendered":"http:\/\/www.fuldaer-nachrichten.de\/?p=159069"},"modified":"2017-01-10T18:53:20","modified_gmt":"2017-01-10T17:53:20","slug":"klaerende-hinweise-zum-austausch-der-blauen-und-gelben-tonnen","status":"publish","type":"post","link":"https:\/\/www.fuldaernachrichten.de\/?p=159069","title":{"rendered":"Kl\u00e4rende Hinweise zum Austausch der Blauen und Gelben Tonnen"},"content":{"rendered":"<p>Wegen wiederholter Nachfragen von B\u00fcrgerinnen und B\u00fcrgern stellt die Stadt Fulda noch einmal klar:<\/p>\n<p>Die in der vergangenen Woche mit den Tonnen verteilten Wurfzettel sind UNG\u00dcLTIG: Umf\u00fcllungen von alten zu neuen Tonnen sind nicht erforderlich. Die alten Tonnen sollten am Grundst\u00fccksrand verbleiben. Wo neue Tonnen eingetroffen sind, sollten nur noch diese bef\u00fcllt werden.<\/p>\n<p>Bei den Entleerungsterminen f\u00fcr Blaue und Gelbe Tonnen im Januar (Abfallfibel) leert Knettenbrech+Gurdulic sowohl neue als auch alte Tonnen, die bereitgestellt wurden.<\/p>\n<p>Wie bereits ver\u00f6ffentlicht, kann es \u2013 witterungsbedingt und wegen Nachschubproblemen &#8211; zu Terminverschiebungen bei Auslieferung und Abholung kommen.<\/p>\n","protected":false},"excerpt":{"rendered":"<div class=\"tmnf_excerpt\"><p>Wegen wiederholter Nachfragen von B\u00fcrgerinnen und B\u00fcrgern stellt die Stadt Fulda noch einmal klar: Die in der vergangenen Woche mit den Tonnen verteilten Wurfzettel sind UNG\u00dcLTIG: Umf\u00fcllungen von alten zu neuen Tonnen sind nicht erforderlich. Die alten Tonnen sollten am Grundst\u00fccksrand verbleiben. Wo neue Tonnen eingetroffen sind, sollten nur noch diese bef\u00fcllt werden. Bei den &hellip;<\/p>\n<\/div>","protected":false},"author":1,"featured_media":0,"comment_status":"closed","ping_status":"closed","sticky":false,"template":"","format":"standard","meta":{"footnotes":""},"categories":[1],"tags":[],"class_list":["post-159069","post","type-post","status-publish","format-standard","hentry","category-startseite"],"_links":{"self":[{"href":"https:\/\/www.fuldaernachrichten.de\/index.php?rest_route=\/wp\/v2\/posts\/159069","targetHints":{"allow":["GET"]}}],"collection":[{"href":"https:\/\/www.fuldaernachrichten.de\/index.php?rest_route=\/wp\/v2\/posts"}],"about":[{"href":"https:\/\/www.fuldaernachrichten.de\/index.php?rest_route=\/wp\/v2\/types\/post"}],"author":[{"embeddable":true,"href":"https:\/\/www.fuldaernachrichten.de\/index.php?rest_route=\/wp\/v2\/users\/1"}],"replies":[{"embeddable":true,"href":"https:\/\/www.fuldaernachrichten.de\/index.php?rest_route=%2Fwp%2Fv2%2Fcomments&post=159069"}],"version-history":[{"count":1,"href":"https:\/\/www.fuldaernachrichten.de\/index.php?rest_route=\/wp\/v2\/posts\/159069\/revisions"}],"predecessor-version":[{"id":159072,"href":"https:\/\/www.fuldaernachrichten.de\/index.php?rest_route=\/wp\/v2\/posts\/159069\/revisions\/159072"}],"wp:attachment":[{"href":"https:\/\/www.fuldaernachrichten.de\/index.php?rest_route=%2Fwp%2Fv2%2Fmedia&parent=159069"}],"wp:term":[{"taxonomy":"category","embeddable":true,"href":"https:\/\/www.fuldaernachrichten.de\/index.php?rest_route=%2Fwp%2Fv2%2Fcategories&post=159069"},{"taxonomy":"post_tag","embeddable":true,"href":"https:\/\/www.fuldaernachrichten.de\/index.php?rest_route=%2Fwp%2Fv2%2Ftags&post=159069"}],"curies":[{"name":"wp","href":"https:\/\/api.w.org\/{rel}","templated":true}]}}