{"id":159057,"date":"2017-01-10T18:51:46","date_gmt":"2017-01-10T17:51:46","guid":{"rendered":"http:\/\/www.fuldaer-nachrichten.de\/?p=159057"},"modified":"2017-01-10T18:51:46","modified_gmt":"2017-01-10T17:51:46","slug":"handlungskonzept-fuer-das-huenfelder-nordend-magistrat-nimmt-den-bescheid-an","status":"publish","type":"post","link":"https:\/\/www.fuldaernachrichten.de\/?p=159057","title":{"rendered":"Handlungskonzept f\u00fcr das H\u00fcnfelder Nordend Magistrat nimmt den Bescheid an"},"content":{"rendered":"<p>F\u00fcr das H\u00fcnfelder Nord- und Ostend soll noch in diesem Jahr ein integriertes Handlungskonzept erstellt werden. Der Magistrat der Stadt H\u00fcnfeld hat nach Angaben von B\u00fcrgermeister Stefan Schwenk jetzt die F\u00f6rderzusage des Landes angenommen.<\/p>\n<p>Staatsministerin Priska Hinz hatte eine erste F\u00f6rderrate aus dem Bund-L\u00e4nder-Programm \u201eSoziale Stadt\u201c im Dezember an die Stadt H\u00fcnfeld mit einem Volumen von 55.000 Euro \u00fcbergeben. Weitere 25.000 Euro wird die Stadt H\u00fcnfeld zur Verf\u00fcgung stellen, um noch in diesem Jahr unter Beteiligung der Anwohner in diesem Gebiet der Kernstadt an integriertes Handlungskonzept zu erstellen, in dem Projekte und Ma\u00dfnahmen f\u00fcr die kommenden Jahre vorgeschlagen werden k\u00f6nnen. Bei dem Programm Soziale Stadt geht es insbesondere darum, die Wohn- und Aufenthaltsqualit\u00e4t, aber auch die soziale Infrastruktur in diesen Stadtquartieren zu verbessern. Dabei geht es beispielsweise um die Schaffung von Begegnungspunkten, die Aufwertung der sozialen Infrastruktur und die Einrichtung eines Quartiersmanagements.<\/p>\n<p>Bei der Erstellung des Handlungskonzeptes selbst sind dann auch die Bewohner des Gebietes gefordert, um ihre Vorschl\u00e4ge und Ideen aktiv mit einzubringen. B\u00fcrgermeister Schwenk hofft, dass auch im Nordend eine \u00e4hnliche Erfolgsgeschichte geschrieben werden k\u00f6nne wie im Tiergartenviertel, wo dieses Programm im vergangenen Jahr erfolgreich zum Abschluss gebracht werden konnte. Dort waren beispielsweise die gro\u00dfe Freizeitanlage geschaffen, das Jugend- und Familienzentrum gebaut und die Villa Kunterbunt aus diesem Programm mit erm\u00f6glicht worden.<\/p>\n","protected":false},"excerpt":{"rendered":"<div class=\"tmnf_excerpt\"><p>F\u00fcr das H\u00fcnfelder Nord- und Ostend soll noch in diesem Jahr ein integriertes Handlungskonzept erstellt werden. Der Magistrat der Stadt H\u00fcnfeld hat nach Angaben von B\u00fcrgermeister Stefan Schwenk jetzt die F\u00f6rderzusage des Landes angenommen. Staatsministerin Priska Hinz hatte eine erste F\u00f6rderrate aus dem Bund-L\u00e4nder-Programm \u201eSoziale Stadt\u201c im Dezember an die Stadt H\u00fcnfeld mit einem Volumen &hellip;<\/p>\n<\/div>","protected":false},"author":1,"featured_media":0,"comment_status":"closed","ping_status":"closed","sticky":false,"template":"","format":"standard","meta":{"footnotes":""},"categories":[1],"tags":[],"class_list":["post-159057","post","type-post","status-publish","format-standard","hentry","category-startseite"],"_links":{"self":[{"href":"https:\/\/www.fuldaernachrichten.de\/index.php?rest_route=\/wp\/v2\/posts\/159057","targetHints":{"allow":["GET"]}}],"collection":[{"href":"https:\/\/www.fuldaernachrichten.de\/index.php?rest_route=\/wp\/v2\/posts"}],"about":[{"href":"https:\/\/www.fuldaernachrichten.de\/index.php?rest_route=\/wp\/v2\/types\/post"}],"author":[{"embeddable":true,"href":"https:\/\/www.fuldaernachrichten.de\/index.php?rest_route=\/wp\/v2\/users\/1"}],"replies":[{"embeddable":true,"href":"https:\/\/www.fuldaernachrichten.de\/index.php?rest_route=%2Fwp%2Fv2%2Fcomments&post=159057"}],"version-history":[{"count":1,"href":"https:\/\/www.fuldaernachrichten.de\/index.php?rest_route=\/wp\/v2\/posts\/159057\/revisions"}],"predecessor-version":[{"id":159063,"href":"https:\/\/www.fuldaernachrichten.de\/index.php?rest_route=\/wp\/v2\/posts\/159057\/revisions\/159063"}],"wp:attachment":[{"href":"https:\/\/www.fuldaernachrichten.de\/index.php?rest_route=%2Fwp%2Fv2%2Fmedia&parent=159057"}],"wp:term":[{"taxonomy":"category","embeddable":true,"href":"https:\/\/www.fuldaernachrichten.de\/index.php?rest_route=%2Fwp%2Fv2%2Fcategories&post=159057"},{"taxonomy":"post_tag","embeddable":true,"href":"https:\/\/www.fuldaernachrichten.de\/index.php?rest_route=%2Fwp%2Fv2%2Ftags&post=159057"}],"curies":[{"name":"wp","href":"https:\/\/api.w.org\/{rel}","templated":true}]}}