{"id":159048,"date":"2017-01-10T18:50:33","date_gmt":"2017-01-10T17:50:33","guid":{"rendered":"http:\/\/www.fuldaer-nachrichten.de\/?p=159048"},"modified":"2017-01-10T18:50:33","modified_gmt":"2017-01-10T17:50:33","slug":"doch-lieber-single-ein-musikalischer-theaterabend-ueber-die-ehe-von-amina-gusner","status":"publish","type":"post","link":"https:\/\/www.fuldaernachrichten.de\/?p=159048","title":{"rendered":"Doch lieber Single?!  Ein musikalischer Theaterabend \u00fcber die Ehe von Amina Gusner"},"content":{"rendered":"<p>Paartherapien sind nicht erst seit David Frankels Filmkom\u00f6die \u201eWie beim ersten Mal\u201c (USA 2013) mit Meryl Streep und Tommy Lee Jones gro\u00df in Mode. Auch Amina Gusner lie\u00df sich vom herrlich-lustlosen P\u00e4rchen Streep\/Jones inspirieren und stellt in ihrem neuesten Liederabend die ewigen Fragen \u201eGibt es ein (Liebes-) Leben nach der Heirat?\u201c und \u201eWann hat die Liebe angefangen aufzuh\u00f6ren?\u201c<\/p>\n<p>In \u201eDoch lieber Single?!\u201c sind es gleich zwei Paare, die sich Hilfe von Paartherapeut und Mutters\u00f6hnchen R\u00fcdiger erwarten: Bei Wolfgang und Vera, beide um die 50, ist nicht erst gestern die Luft raus aus der Beziehung: Sie will N\u00e4he, 100 % Transparenz in der Beziehung und Gef\u00fchle, er lieber seine Ruhe. Ein unl\u00f6sbares Dilemma?<\/p>\n<p>Gabi und Frank \u2013 Anfang 30, seit etlichen Jahren zusammen \u2013 haben dagegen ein anderes Problem: Ihre extrem Allergie-geplagte dreij\u00e4hrige Tochter nervt. Oder liegt es doch eher daran, dass Gabi immer bestimmt, Frank immer kuscht und beide dann ungl\u00fccklich sind mit Franks Waschlappen-Status?<br \/>\nAlso: Was tun, wenn die Ehe langsam zum durchgesessenen Bequem-Sofa wird?<\/p>\n<p>Heiter und musikalisch stellen sich zwei P\u00e4rchen und ihr Therapeut zu unsterblichen Hits von zwei Musikern begleitet dem gr\u00f6\u00dften Menschheitsthema: der Liebe und ihrem Verfallsdatum.<\/p>\n<p>Tickets sind erh\u00e4ltlich im B\u00fcrgerb\u00fcro, Schlossstr. 1, und im Theaterb\u00fcro, Schlossstr. 5, Telefon: 0661 102-1483. Online-Buchungen k\u00f6nnen unter www.eventim.de vorgenommen werden.<\/p>\n","protected":false},"excerpt":{"rendered":"<div class=\"tmnf_excerpt\"><p>Paartherapien sind nicht erst seit David Frankels Filmkom\u00f6die \u201eWie beim ersten Mal\u201c (USA 2013) mit Meryl Streep und Tommy Lee Jones gro\u00df in Mode. Auch Amina Gusner lie\u00df sich vom herrlich-lustlosen P\u00e4rchen Streep\/Jones inspirieren und stellt in ihrem neuesten Liederabend die ewigen Fragen \u201eGibt es ein (Liebes-) Leben nach der Heirat?\u201c und \u201eWann hat die &hellip;<\/p>\n<\/div>","protected":false},"author":1,"featured_media":159055,"comment_status":"closed","ping_status":"closed","sticky":false,"template":"","format":"standard","meta":{"footnotes":""},"categories":[1],"tags":[],"class_list":["post-159048","post","type-post","status-publish","format-standard","has-post-thumbnail","hentry","category-startseite"],"_links":{"self":[{"href":"https:\/\/www.fuldaernachrichten.de\/index.php?rest_route=\/wp\/v2\/posts\/159048","targetHints":{"allow":["GET"]}}],"collection":[{"href":"https:\/\/www.fuldaernachrichten.de\/index.php?rest_route=\/wp\/v2\/posts"}],"about":[{"href":"https:\/\/www.fuldaernachrichten.de\/index.php?rest_route=\/wp\/v2\/types\/post"}],"author":[{"embeddable":true,"href":"https:\/\/www.fuldaernachrichten.de\/index.php?rest_route=\/wp\/v2\/users\/1"}],"replies":[{"embeddable":true,"href":"https:\/\/www.fuldaernachrichten.de\/index.php?rest_route=%2Fwp%2Fv2%2Fcomments&post=159048"}],"version-history":[{"count":1,"href":"https:\/\/www.fuldaernachrichten.de\/index.php?rest_route=\/wp\/v2\/posts\/159048\/revisions"}],"predecessor-version":[{"id":159056,"href":"https:\/\/www.fuldaernachrichten.de\/index.php?rest_route=\/wp\/v2\/posts\/159048\/revisions\/159056"}],"wp:featuredmedia":[{"embeddable":true,"href":"https:\/\/www.fuldaernachrichten.de\/index.php?rest_route=\/wp\/v2\/media\/159055"}],"wp:attachment":[{"href":"https:\/\/www.fuldaernachrichten.de\/index.php?rest_route=%2Fwp%2Fv2%2Fmedia&parent=159048"}],"wp:term":[{"taxonomy":"category","embeddable":true,"href":"https:\/\/www.fuldaernachrichten.de\/index.php?rest_route=%2Fwp%2Fv2%2Fcategories&post=159048"},{"taxonomy":"post_tag","embeddable":true,"href":"https:\/\/www.fuldaernachrichten.de\/index.php?rest_route=%2Fwp%2Fv2%2Ftags&post=159048"}],"curies":[{"name":"wp","href":"https:\/\/api.w.org\/{rel}","templated":true}]}}