{"id":159031,"date":"2017-01-10T18:47:01","date_gmt":"2017-01-10T17:47:01","guid":{"rendered":"http:\/\/www.fuldaer-nachrichten.de\/?p=159031"},"modified":"2017-01-10T18:47:01","modified_gmt":"2017-01-10T17:47:01","slug":"erstmals-komfort-und-kulturwege-zertifiziert","status":"publish","type":"post","link":"https:\/\/www.fuldaernachrichten.de\/?p=159031","title":{"rendered":"Erstmals Komfort- und Kulturwege zertifiziert"},"content":{"rendered":"<p>Von Qualit\u00e4tswegen \u00fcber Wanderregionen bis zum Pilgern: Die Messe \u201eFahrrad- &amp; Erlebnis-Reisen mit Wandern\u201c im Rahmen der Urlaubsmesse CMT informiert ihre Besucher im Januar \u00fcber nahezu alle Facetten des Wanderns.<\/p>\n<p>Mitte Januar werden die frisch zertifizierten Qualit\u00e4tswege \u201eWanderbares Deutschland\u201c in Stuttgart ausgezeichnet. Der Pr\u00e4sident des Deutschen Wanderverbandes, Dr. Hans-Ulrich Rauchfu\u00df, wird die Urkunden am Samstag, den 14. Januar 2017, um 10:30 Uhr auf der B\u00fchne in Halle 9 des Stuttgarter Messegel\u00e4ndes \u00fcbergeben. Die Urkunden\u00fcbergabe ist ein H\u00f6hepunkt der Messe \u201eFahrrad- &amp; Erlebnis-Reisen mit Wandern\u201c am 14. und 15. Januar im Rahmen der Urlaubsmesse CMT.<\/p>\n<p>31 Wanderwege haben die Zertifizierung zum Qualit\u00e4tsweg \u201eWanderbares Deutschland\u201c bestanden, davon 22 lange und neun kurze Wege (\u00dcbersicht aller in Stuttgart ausgezeichneten Wege s. Anhang ). Besonders erfreulich: Zum ersten Mal \u00fcberhaupt in der jungen Geschichte der kurzen Qualit\u00e4tswege werden ein Qualit\u00e4tsweg \u201eWanderbares Deutschland \u2013 komfortwandern\u201c und ein Qualit\u00e4tsweg \u201eWanderbares Deutschland \u2013 kulturerlebnis\u201c ausgezeichnet.<\/p>\n<p>Die zwischen zwei und sieben Kilometer langen Wege mit dem Namen \u201ekomfortwandern\u201c\u00c2\u00a0 sind gut begehbare, besonders sichere Strecken durch attraktive Landschaften mit vielen Rast- und Ausruhm\u00f6glichkeiten. Viele kulturelle Attraktionen unter einem Oberthema verbinden die \u201ekulturerlebnis\u201c genannten Wege. Dazu bieten diese Routen eine herausragende kulturelle Attraktion, eine informative Begleitbrosch\u00fcre und eine Einkehrm\u00f6glichkeit direkt am Weg.<\/p>\n<p>Die seit 15 Jahren vom Deutschen Wanderverband zertifizierten langen Qualit\u00e4tswege \u201eWanderbares Deutschland\u201c m\u00fcssen ebenfalls einer Reihe von anspruchsvollen Qualit\u00e4tskriterien entsprechen, die alle aus den Bed\u00fcrfnissen von Wanderern abgeleitet sind. So m\u00fcssen diese Wege nicht nur landschaftlich und kulturell abwechslungsreich und m\u00f6glichst naturbelassen sein, sondern auch eine perfekte Markierung besitzen. 21 der Wege, die in Stuttgart ausgezeichnet werden, haben sich mehrfach den strengen Kriterien gestellt.\u00c2\u00a0 Rauchfu\u00df: \u201eWenn Regionen ihre Wege zum wiederholten Mal zertifizieren lassen, ist das Beweis daf\u00fcr, dass sich die Auszeichnung f\u00fcr sie lohnt. Au\u00dferdem zeigt es, wie nachhaltig unsere Qualit\u00e4tsinitiative funktioniert.\u201c<\/p>\n<p>Das gilt auch f\u00fcr die Qualit\u00e4tsinitiative der Europ\u00e4ischen Wandervereinigung (EWV). Zwei von der EWV\u00c2\u00a0 zertifizierte Wege werden in Stuttgart ebenfalls ausgezeichnet: Der 112 Kilometer lange Mullerthal Trail in der Region M\u00fcllerthal \u2013 Kleine Luxemburger Schweiz bekommt zum zweiten Mal die Urkunde \u201eLeading Quality Trails \u2013 Best of Europe&#8221;. Erstmalig ausgezeichnet wird der 40 Kilometer lange Ursa-Trail in der Region Epirus im Nordwesten Griechenlands. Auch diese Urkunden \u00fcbergibt DWV-Pr\u00e4sident Rauchfu\u00df am 14. Januar auf der B\u00fchne in Halle 9.<\/p>\n<p>An beiden Messetagen informiert die Messe dar\u00fcber hinaus \u00fcber die neuesten Entwicklungen auf dem Outdoor-Markt und gibt den Besuchern viele Anregungen f\u00fcr die Planung des n\u00e4chsten Rad- oder Wanderurlaubs.<\/p>\n<p>Immer mehr Menschen dr\u00e4ngt es am Feierabend, am Wochenende oder im Urlaub hinaus in die Natur. Sie wollen sich bewegen und suchen gleichzeitig einen Ausgleich zum Alltagsstress. Wandern, Radfahren und andere Aktivit\u00e4ten im Freien sind gefragt wie nie.<\/p>\n<p>Die Palette der w\u00e4hrend der Messe vorgestellten Reisem\u00f6glichkeiten reicht vom Kurztrip in der Region \u00fcber Ausfl\u00fcge in deutsche Mittelgebirge oder Nachbarl\u00e4nder bis hin zu Rad- und Wander-Fernreisen. Zum Infotainment-Paket der Messe z\u00e4hlen ein abwechslungsreiches B\u00fchnenprogramm sowie ein Urlaubskino mit Multimedia-Shows, wo sich die Messebesucher Eindr\u00fccke aus Trauml\u00e4ndern und spektakul\u00e4ren Aktivurlauben abholen k\u00f6nnen.<\/p>\n<p>Ein Vorteil der Messe ist laut Guido von Vacano, Bereichsleiter Lifestyle und Freizeit der Messe Stuttgart, dass die Messebesucher vieles vor Ort testen oder anprobieren k\u00f6nnen. Bei der Beratungsstation Wanderausr\u00fcstung d\u00fcrfen die Besucher Schuhe, Rucks\u00e4cke oder St\u00f6cke ausprobieren und im GPS-Forum k\u00f6nnen Navigationsger\u00e4te unter die Lupe genommen werden. Welche Aktiv-Urlaube f\u00fcr Wandertouristen m\u00f6glich sind, zeigen Veranstalter und Tourismus\u00e4mter aus Deutschland, \u00d6sterreich, Schweiz, Frankreich, Spanien, Italien, Slowenien, Kroatien sowie Belgien und den Niederlanden. Auch der Schw\u00e4bische Alpverein und seine Jugend sind mit eigenen St\u00e4nden auf der Messe vertreten (Stand 9C62 bzw. 9C64), um \u00fcber ihre Arbeit und die eigene Region zu informieren.<\/p>\n<p>Ein weiterer Schwerpunkt der Messe ist das Thema Pilgerreisen. \u201eF\u00fcr kurze Zeit aussteigen, eine spirituelle Auszeit nehmen oder einfach Abenteuer erleben \u2013 f\u00fcr Wanderer auf Pilgerpfaden ist der Weg das Ziel\u201c, sagt von Vacano. Von Jahr zu Jahr zieht es laut Spiegel Online mehr Menschen auf Pilgerpfade wie den Jakobsweg. Im Jahr 2005 meldeten sich 93.924 Menschen im Pilgerb\u00fcro von Santiago de Compostela und wiesen mit abgestempelten Pilgerp\u00e4ssen nach, dass sie mindestens die letzten 100 Kilometer zu Fu\u00df zur\u00fcckgelegt haben \u2013 2015 waren es bereits 262.516, darunter fast 19.000 Deutsche. Susanne Leder, Professorin f\u00fcr Tourismusmanagement an der Fachhochschule S\u00fcdwestfalen: \u201ePilgern ist definitiv ein langfristiger Trend, keine Modeerscheinung.\u201c Pilger geh\u00f6rten unterschiedlichen Berufsgruppen an, es seien fast genauso viele Frauen wie M\u00e4nner. Und sie werden Leder zufolge immer j\u00fcnger: Oft sind es Menschen in den Drei\u00dfigern und Vierzigern, die sich auf den Weg machen. \u201eViele w\u00fcnschen sich einen Ausstieg auf Zeit, Distanz zum Alltag, Urspr\u00fcnglichkeit, K\u00f6rperlichkeit und Askese \u2013 unabh\u00e4ngig von Religiosit\u00e4t\u201c, berichtet Leder. Und viele suchten schlicht das Abenteuer \u2013 und f\u00e4nden unterwegs Spiritualit\u00e4t.<\/p>\n<p>Die Fahrrad- &amp; ErlebnisReisen mit Wandern hat t\u00e4glich von 10 Uhr bis 18 Uhr ge\u00f6ffnet. Die Eintrittspreise betragen 14 Euro f\u00fcr die Tageskarte und erm\u00e4\u00dfigt 11 Euro (jeweils einschlie\u00dflich VVS). Wer online kauft, spart jeweils einen Euro:\u00c2\u00a0 www.messeticketservice.de\/shop\/de\/messe-karten.php<\/p>\n","protected":false},"excerpt":{"rendered":"<div class=\"tmnf_excerpt\"><p>Von Qualit\u00e4tswegen \u00fcber Wanderregionen bis zum Pilgern: Die Messe \u201eFahrrad- &amp; Erlebnis-Reisen mit Wandern\u201c im Rahmen der Urlaubsmesse CMT informiert ihre Besucher im Januar \u00fcber nahezu alle Facetten des Wanderns. Mitte Januar werden die frisch zertifizierten Qualit\u00e4tswege \u201eWanderbares Deutschland\u201c in Stuttgart ausgezeichnet. Der Pr\u00e4sident des Deutschen Wanderverbandes, Dr. Hans-Ulrich Rauchfu\u00df, wird die Urkunden am Samstag, &hellip;<\/p>\n<\/div>","protected":false},"author":1,"featured_media":0,"comment_status":"closed","ping_status":"closed","sticky":false,"template":"","format":"standard","meta":{"footnotes":""},"categories":[1],"tags":[],"class_list":["post-159031","post","type-post","status-publish","format-standard","hentry","category-startseite"],"_links":{"self":[{"href":"https:\/\/www.fuldaernachrichten.de\/index.php?rest_route=\/wp\/v2\/posts\/159031","targetHints":{"allow":["GET"]}}],"collection":[{"href":"https:\/\/www.fuldaernachrichten.de\/index.php?rest_route=\/wp\/v2\/posts"}],"about":[{"href":"https:\/\/www.fuldaernachrichten.de\/index.php?rest_route=\/wp\/v2\/types\/post"}],"author":[{"embeddable":true,"href":"https:\/\/www.fuldaernachrichten.de\/index.php?rest_route=\/wp\/v2\/users\/1"}],"replies":[{"embeddable":true,"href":"https:\/\/www.fuldaernachrichten.de\/index.php?rest_route=%2Fwp%2Fv2%2Fcomments&post=159031"}],"version-history":[{"count":1,"href":"https:\/\/www.fuldaernachrichten.de\/index.php?rest_route=\/wp\/v2\/posts\/159031\/revisions"}],"predecessor-version":[{"id":159039,"href":"https:\/\/www.fuldaernachrichten.de\/index.php?rest_route=\/wp\/v2\/posts\/159031\/revisions\/159039"}],"wp:attachment":[{"href":"https:\/\/www.fuldaernachrichten.de\/index.php?rest_route=%2Fwp%2Fv2%2Fmedia&parent=159031"}],"wp:term":[{"taxonomy":"category","embeddable":true,"href":"https:\/\/www.fuldaernachrichten.de\/index.php?rest_route=%2Fwp%2Fv2%2Fcategories&post=159031"},{"taxonomy":"post_tag","embeddable":true,"href":"https:\/\/www.fuldaernachrichten.de\/index.php?rest_route=%2Fwp%2Fv2%2Ftags&post=159031"}],"curies":[{"name":"wp","href":"https:\/\/api.w.org\/{rel}","templated":true}]}}