{"id":159029,"date":"2017-01-10T18:48:18","date_gmt":"2017-01-10T17:48:18","guid":{"rendered":"http:\/\/www.fuldaer-nachrichten.de\/?p=159029"},"modified":"2017-01-10T18:48:18","modified_gmt":"2017-01-10T17:48:18","slug":"in-dietges-entsteht-notarzt-rettungswache-der-malteser","status":"publish","type":"post","link":"https:\/\/www.fuldaernachrichten.de\/?p=159029","title":{"rendered":"In Dietges entsteht Notarzt-Rettungswache der Malteser"},"content":{"rendered":"<p>Das Wetter passte zum Anlass: Bei Schnee und Eis erh\u00f6ht sich das Unfallrisiko. Gerade auf den h\u00f6her gelegenen Stra\u00dfen der Rh\u00f6n haben die winterlichen Verkehrsbedingungen zur Folge, dass die Rettungsdienste verst\u00e4rkt gefordert sind. Und so \u00fcberraschte es nicht, dass der neue Notarztstandort im Hilderser Ortsteil Dietges bereits am Vormittag der gestrigen offiziellen Inbetriebnahme zu seinem ersten Einsatz kam.<\/p>\n<p>Im November hatte der Landkreis Fulda als Rettungsdiensttr\u00e4ger den Malteser Hilfsdienst mit der not\u00e4rztlichen Versorgung am Standort Dietges beauftragt. Die Vereinbarung ist mit Wirkung zum 5. Januar 2017 in Kraft getreten und sieht die Erbringung von Leistungen der Notfallversorgung und des Krankentransports vor. Seither sind im 24-Stunden-Betrieb ein Notarzteinsatzfahrzeug (NEF) einschlie\u00dflich Notarztbesatzung sowie rettungsdienstliches Personal in Dietges stationiert. Die Unterbringung erfolgt zun\u00e4chst provisorisch in einem hierf\u00fcr hergerichteten Wohngeb\u00e4ude. Im Laufe dieses Jahres soll eine neue Notarzt-Rettungswache am Standort Dietges errichtet werden.<\/p>\n<p>Bislang gibt es im Landkreis Fulda zehn Rettungswachen sowie drei NEF-Standorte am Klinikum in Fulda, am Helios St. Elisabeth Krankenhaus in H\u00fcnfeld sowie an der Feuerwache in Fulda. Mit dem zus\u00e4tzlichen Standort in Dietges soll die not\u00e4rztliche Versorgung der Bev\u00f6lkerung, die der Landkreis als Tr\u00e4ger des bodengebundenen Rettungsdienstes sicherzustellen hat, weiter verbessert werden. Aufgrund seiner verkehrsg\u00fcnstigen Lage ist der neue NEF-Standort in der Lage, Notfallorte in der Rh\u00f6n schnellstm\u00f6glich zu erreichen, wobei nach den gesetzlichen Vorgaben in neunzig Prozent der F\u00e4lle ein Rettungsfahrzeug innerhalb von zehn Minuten am Einsatzort sein muss.<\/p>\n<p>Bei der Begr\u00fc\u00dfung der G\u00e4ste sagte der Pr\u00e4sident des Malteser-Hilfsdiensts, Dr. Constantin von Brandenstein-Zeppelin, dass es das Bestreben seines Verbandes sei, rettungsdienstliche Versorgung auf bestm\u00f6glichem Niveau zu bieten. Erster Kreisbeigeordneter Frederik Schmitt berichtete von seinen Erfahrungen als Referent bei einem kommunalpolitischen Seminar im Herbst in Uruguay, als die Zehn-Minuten-Hilfsfrist unter den Teilnehmern ungl\u00e4ubiges Erstaunen ausgel\u00f6st habe. \u201eDies sollte uns nachdenklich stimmen und dankbar machen.\u201c Obwohl der Rettungsdienst auch im Landkreis Fulda hervorragend organisiert sei, gebe es weiteren Optimierungsbedarf, so Schmitt.<\/p>\n<p>Der Hilderser B\u00fcrgermeister Hubert Blum zeigte sich auch im Namen seiner Amtskollegen aus den \u00fcbrigen Rh\u00f6ngemeinden erfreut, dass schon bald eine Versorgungsl\u00fccke geschlossen werde. In die Pl\u00e4ne f\u00fcr den neuen Notarztstandort habe er bereits Einblick nehmen k\u00f6nnen. Nach Angaben von Dirk Rasch, Leiter Notfallvorsorge und Rettungsdienstleiter der Malteser in der Di\u00f6zese Fulda, soll das neue Geb\u00e4ude im Oktober bezugsfertig sein. Die Direktorin der Zentralen Notaufnahme am Klinikum Fulda, Dr. Petra Zahn, teilte mit, dass ein Kooperationsvertrag mit dem Malteser Hilfsdienst \u00fcber den Einsatz von Not\u00e4rzten des Klinikums in Dietges nur noch unterschrieben werden m\u00fcsse.<\/p>\n<p>Die kirchliche Segnung der Einrichtung nahmen bei klirrender K\u00e4lte die beiden Pfarrer Bernd Hollartz von der evangelischen Kirchengemeinde und Alfred Sperner von der katholischen Kirchengemeinde vor. Zum Schluss kam auch noch Dr. Michael Karges, niedergelassener Allgemeinmediziner aus Hofbieber, zu Wort. Er ist seit vielen Jahren f\u00fcr die Malteser ehrenamtlich und als Honorarkraft t\u00e4tig, hatte vor 25 Jahren seinen ersten Einsatz als Notarzt und verantwortete auch den ersten Einsatz des neuen NEF-Standorts am gestrigen Vormittag auf der Wasserkuppe, der gl\u00fccklicherweise glimpflich ausging und keine weiteren notfallmedizinischen Ma\u00dfnahmen notwendig machte.<\/p>\n","protected":false},"excerpt":{"rendered":"<div class=\"tmnf_excerpt\"><p>Das Wetter passte zum Anlass: Bei Schnee und Eis erh\u00f6ht sich das Unfallrisiko. Gerade auf den h\u00f6her gelegenen Stra\u00dfen der Rh\u00f6n haben die winterlichen Verkehrsbedingungen zur Folge, dass die Rettungsdienste verst\u00e4rkt gefordert sind. Und so \u00fcberraschte es nicht, dass der neue Notarztstandort im Hilderser Ortsteil Dietges bereits am Vormittag der gestrigen offiziellen Inbetriebnahme zu seinem &hellip;<\/p>\n<\/div>","protected":false},"author":1,"featured_media":159033,"comment_status":"closed","ping_status":"closed","sticky":false,"template":"","format":"gallery","meta":{"footnotes":""},"categories":[1],"tags":[],"class_list":["post-159029","post","type-post","status-publish","format-gallery","has-post-thumbnail","hentry","category-startseite","post_format-post-format-gallery"],"_links":{"self":[{"href":"https:\/\/www.fuldaernachrichten.de\/index.php?rest_route=\/wp\/v2\/posts\/159029","targetHints":{"allow":["GET"]}}],"collection":[{"href":"https:\/\/www.fuldaernachrichten.de\/index.php?rest_route=\/wp\/v2\/posts"}],"about":[{"href":"https:\/\/www.fuldaernachrichten.de\/index.php?rest_route=\/wp\/v2\/types\/post"}],"author":[{"embeddable":true,"href":"https:\/\/www.fuldaernachrichten.de\/index.php?rest_route=\/wp\/v2\/users\/1"}],"replies":[{"embeddable":true,"href":"https:\/\/www.fuldaernachrichten.de\/index.php?rest_route=%2Fwp%2Fv2%2Fcomments&post=159029"}],"version-history":[{"count":1,"href":"https:\/\/www.fuldaernachrichten.de\/index.php?rest_route=\/wp\/v2\/posts\/159029\/revisions"}],"predecessor-version":[{"id":159045,"href":"https:\/\/www.fuldaernachrichten.de\/index.php?rest_route=\/wp\/v2\/posts\/159029\/revisions\/159045"}],"wp:featuredmedia":[{"embeddable":true,"href":"https:\/\/www.fuldaernachrichten.de\/index.php?rest_route=\/wp\/v2\/media\/159033"}],"wp:attachment":[{"href":"https:\/\/www.fuldaernachrichten.de\/index.php?rest_route=%2Fwp%2Fv2%2Fmedia&parent=159029"}],"wp:term":[{"taxonomy":"category","embeddable":true,"href":"https:\/\/www.fuldaernachrichten.de\/index.php?rest_route=%2Fwp%2Fv2%2Fcategories&post=159029"},{"taxonomy":"post_tag","embeddable":true,"href":"https:\/\/www.fuldaernachrichten.de\/index.php?rest_route=%2Fwp%2Fv2%2Ftags&post=159029"}],"curies":[{"name":"wp","href":"https:\/\/api.w.org\/{rel}","templated":true}]}}