{"id":159014,"date":"2017-01-10T18:44:56","date_gmt":"2017-01-10T17:44:56","guid":{"rendered":"http:\/\/www.fuldaer-nachrichten.de\/?p=159014"},"modified":"2017-01-10T18:44:56","modified_gmt":"2017-01-10T17:44:56","slug":"neue-broschuere-fuer-ehrenamtler","status":"publish","type":"post","link":"https:\/\/www.fuldaernachrichten.de\/?p=159014","title":{"rendered":"Neue Brosch\u00fcre f\u00fcr Ehrenamtler"},"content":{"rendered":"<p>Die neue Brosch\u00fcre \u201eQualifikation im Ehrenamt 2017\u201c ist erschienen.\u00e2\u20ac\u00a8In der Brosch\u00fcre finden Ehrenamtliche viele Angebote zur Qualifikation sowie \u00e2\u20ac\u00a8Erl\u00e4uterungen und Adressen zum Ehrenamt in Stadt und Landkreis Fulda.<\/p>\n<p>Die Brosch\u00fcre liegt kostenfrei im B\u00fcrgerb\u00fcro, im Landratsamt sowie in den\u00e2\u20ac\u00a8Gemeindeverwaltungen aus.<\/p>\n","protected":false},"excerpt":{"rendered":"<div class=\"tmnf_excerpt\"><p>Die neue Brosch\u00fcre \u201eQualifikation im Ehrenamt 2017\u201c ist erschienen.\u00e2\u20ac\u00a8In der Brosch\u00fcre finden Ehrenamtliche viele Angebote zur Qualifikation sowie \u00e2\u20ac\u00a8Erl\u00e4uterungen und Adressen zum Ehrenamt in Stadt und Landkreis Fulda. Die Brosch\u00fcre liegt kostenfrei im B\u00fcrgerb\u00fcro, im Landratsamt sowie in den\u00e2\u20ac\u00a8Gemeindeverwaltungen aus.<\/p>\n<\/div>","protected":false},"author":1,"featured_media":159022,"comment_status":"closed","ping_status":"closed","sticky":false,"template":"","format":"standard","meta":{"footnotes":""},"categories":[1],"tags":[],"class_list":["post-159014","post","type-post","status-publish","format-standard","has-post-thumbnail","hentry","category-startseite"],"_links":{"self":[{"href":"https:\/\/www.fuldaernachrichten.de\/index.php?rest_route=\/wp\/v2\/posts\/159014","targetHints":{"allow":["GET"]}}],"collection":[{"href":"https:\/\/www.fuldaernachrichten.de\/index.php?rest_route=\/wp\/v2\/posts"}],"about":[{"href":"https:\/\/www.fuldaernachrichten.de\/index.php?rest_route=\/wp\/v2\/types\/post"}],"author":[{"embeddable":true,"href":"https:\/\/www.fuldaernachrichten.de\/index.php?rest_route=\/wp\/v2\/users\/1"}],"replies":[{"embeddable":true,"href":"https:\/\/www.fuldaernachrichten.de\/index.php?rest_route=%2Fwp%2Fv2%2Fcomments&post=159014"}],"version-history":[{"count":1,"href":"https:\/\/www.fuldaernachrichten.de\/index.php?rest_route=\/wp\/v2\/posts\/159014\/revisions"}],"predecessor-version":[{"id":159023,"href":"https:\/\/www.fuldaernachrichten.de\/index.php?rest_route=\/wp\/v2\/posts\/159014\/revisions\/159023"}],"wp:featuredmedia":[{"embeddable":true,"href":"https:\/\/www.fuldaernachrichten.de\/index.php?rest_route=\/wp\/v2\/media\/159022"}],"wp:attachment":[{"href":"https:\/\/www.fuldaernachrichten.de\/index.php?rest_route=%2Fwp%2Fv2%2Fmedia&parent=159014"}],"wp:term":[{"taxonomy":"category","embeddable":true,"href":"https:\/\/www.fuldaernachrichten.de\/index.php?rest_route=%2Fwp%2Fv2%2Fcategories&post=159014"},{"taxonomy":"post_tag","embeddable":true,"href":"https:\/\/www.fuldaernachrichten.de\/index.php?rest_route=%2Fwp%2Fv2%2Ftags&post=159014"}],"curies":[{"name":"wp","href":"https:\/\/api.w.org\/{rel}","templated":true}]}}