{"id":159006,"date":"2017-01-10T18:43:31","date_gmt":"2017-01-10T17:43:31","guid":{"rendered":"http:\/\/www.fuldaer-nachrichten.de\/?p=159006"},"modified":"2017-01-10T18:43:31","modified_gmt":"2017-01-10T17:43:31","slug":"segnung-der-neuen-schulabteilung-des-bistums","status":"publish","type":"post","link":"https:\/\/www.fuldaernachrichten.de\/?p=159006","title":{"rendered":"Segnung der neuen Schulabteilung des Bistums"},"content":{"rendered":"<p>Bischof Heinz Josef Algermissen wird am Donnerstag, 12. Januar, um 11 Uhr im ehemaligen Dompfarrhaus, Hinterburg 2, die neuen R\u00e4ume der Schulabteilung des Bisch\u00f6flichen Generalvikariats segnen. Auch der Bischof Dr. Martin Hein (Kassel) wirkt mit, da in dem Geb\u00e4ude k\u00fcnftig die Regionalstelle Fulda des Religionsp\u00e4dagogischen Instituts der evangelischen Kirche beheimatet ist.<\/p>\n<p>Anschlie\u00dfend findet im Bisch\u00f6flichen Priesterseminar ein Vortrag von Prof. Dr. Jan Woppowa (Paderborn) statt, der \u00dcberlegungen zu einer \u00f6kumenischen Bildungsverantwortung anstellt. Am Nachmittag sind Arbeitsgruppen zu kirchlichen Schulfragen geplant.<\/p>\n","protected":false},"excerpt":{"rendered":"<div class=\"tmnf_excerpt\"><p>Bischof Heinz Josef Algermissen wird am Donnerstag, 12. Januar, um 11 Uhr im ehemaligen Dompfarrhaus, Hinterburg 2, die neuen R\u00e4ume der Schulabteilung des Bisch\u00f6flichen Generalvikariats segnen. Auch der Bischof Dr. Martin Hein (Kassel) wirkt mit, da in dem Geb\u00e4ude k\u00fcnftig die Regionalstelle Fulda des Religionsp\u00e4dagogischen Instituts der evangelischen Kirche beheimatet ist. Anschlie\u00dfend findet im Bisch\u00f6flichen &hellip;<\/p>\n<\/div>","protected":false},"author":1,"featured_media":0,"comment_status":"closed","ping_status":"closed","sticky":false,"template":"","format":"standard","meta":{"footnotes":""},"categories":[1],"tags":[],"class_list":["post-159006","post","type-post","status-publish","format-standard","hentry","category-startseite"],"_links":{"self":[{"href":"https:\/\/www.fuldaernachrichten.de\/index.php?rest_route=\/wp\/v2\/posts\/159006","targetHints":{"allow":["GET"]}}],"collection":[{"href":"https:\/\/www.fuldaernachrichten.de\/index.php?rest_route=\/wp\/v2\/posts"}],"about":[{"href":"https:\/\/www.fuldaernachrichten.de\/index.php?rest_route=\/wp\/v2\/types\/post"}],"author":[{"embeddable":true,"href":"https:\/\/www.fuldaernachrichten.de\/index.php?rest_route=\/wp\/v2\/users\/1"}],"replies":[{"embeddable":true,"href":"https:\/\/www.fuldaernachrichten.de\/index.php?rest_route=%2Fwp%2Fv2%2Fcomments&post=159006"}],"version-history":[{"count":1,"href":"https:\/\/www.fuldaernachrichten.de\/index.php?rest_route=\/wp\/v2\/posts\/159006\/revisions"}],"predecessor-version":[{"id":159017,"href":"https:\/\/www.fuldaernachrichten.de\/index.php?rest_route=\/wp\/v2\/posts\/159006\/revisions\/159017"}],"wp:attachment":[{"href":"https:\/\/www.fuldaernachrichten.de\/index.php?rest_route=%2Fwp%2Fv2%2Fmedia&parent=159006"}],"wp:term":[{"taxonomy":"category","embeddable":true,"href":"https:\/\/www.fuldaernachrichten.de\/index.php?rest_route=%2Fwp%2Fv2%2Fcategories&post=159006"},{"taxonomy":"post_tag","embeddable":true,"href":"https:\/\/www.fuldaernachrichten.de\/index.php?rest_route=%2Fwp%2Fv2%2Ftags&post=159006"}],"curies":[{"name":"wp","href":"https:\/\/api.w.org\/{rel}","templated":true}]}}