{"id":158952,"date":"2017-01-06T19:35:17","date_gmt":"2017-01-06T18:35:17","guid":{"rendered":"http:\/\/www.fuldaer-nachrichten.de\/?p=158952"},"modified":"2017-01-06T19:35:17","modified_gmt":"2017-01-06T18:35:17","slug":"buergerliste-eichenzell-stellt-antrag-zur-aktiven-mitarbeit-beim-dialogforum-der-deutschen-bahn","status":"publish","type":"post","link":"https:\/\/www.fuldaernachrichten.de\/?p=158952","title":{"rendered":"B\u00fcrgerliste Eichenzell stellt Antrag zur aktiven Mitarbeit beim Dialogforum der Deutschen Bahn"},"content":{"rendered":"<p>Die B\u00fcrgerliste Eichenzell stellt zur n\u00e4chsten Sitzung der Gemeindevertretung Eichenzell,<br \/>\nam 26.01.2017, den Antrag im dem der Gemeindevorstand aufgefordert wird, aktiv die Interessen der\u00c2\u00a0 Gemeinde Eichenzell beim Dialogforum der Deutschen Bahn AG hinsichtlich der Trassenvarianten der Neubaustrecke Hanau-W\u00fcrzburg\/Fulda zu wahren. Die betroffenen Ortsteile Kerzell und L\u00f6schenrod sollen aktiv eingebunden werden.<\/p>\n<p>Eichenzell. Die B\u00fcrgerliste Eichenzell stellt zur n\u00e4chsten Sitzung der Gemeindevertretung, am 26.01.2017, den folgenden Antrag:<br \/>\n\u201eDer Gemeindevorstand wird beauftragt, die Mitgliedschaft der Gemeinde Eichenzell im Dialogforum Hanau\u2013W\u00fcrzburg\/Fulda der Deutschen Bahn AG unter Einbeziehung der betroffenen Ortsteile mit Leben zu f\u00fcllen. Die Gemeinde soll die Einladungen des Dialogforums annehmen und unter Beteiligung der betroffen Ortsbeir\u00e4te sich aktiv daran beteiligen.\u201c<\/p>\n<p>Aufgrund aktueller Diskussionen und Informationen in den \u00f6ffentlichen Medien und in Dialogforen wird die Gemeinde Eichenzell sehr wahrscheinlich von den Trassenplanungen der Neubaustrecke Fulda\/Frankfurt in einem nicht unerheblichen Ma\u00dfe tangiert.<\/p>\n<p>\u201eUm die Interessen der Gemeinde Eichenzell und hier insbesondere der am meisten betroffenen B\u00fcrger von L\u00f6schenrod und Kerzell ad\u00e4quat zu vertreten, ist es folgerichtig in dem oben genannten Dialogforum aktiv mitzuwirken.\u201c so Gerhard Dehler, Fraktionsvorsitzender der B\u00fcrgerliste Eichenzell.<\/p>\n<p>Nach Auskunft der Deutschen Bahn AG, hat sich das Dialogforum Hanau\u2013W\u00fcrzburg\/Fulda zum Ziel gesetzt, alle verschiedenen Sichtweisen, Positionen, Interessen, Gruppen und Personenkreise rund um das Projekt an einen Tisch zu bringen. Mitglieder sind daher nicht nur Vertreterinnen und Vertreter von Kommunen, Landkreisen, Beh\u00f6rden und Ministerien, sondern auch von B\u00fcrgerinitiativen, Kammern, Umwelt-, Naturschutz-, Fahrgast-, Wirtschafts- und Verkehrsverb\u00e4nden aus den Bundesl\u00e4ndern Hessen und Bayern.<\/p>\n<p>\u201eWir sind mit den Ortsteilen Kerzell und L\u00f6schenrod von den Planungen betroffen und geh\u00f6ren deshalb auch aktiv an den Tisch des Dialogforums. Eine Mitarbeit der Gemeinde Eichenzell, insbesondere aber auch von den betroffenen Ortsteilen ist mehr als sinnvoll, notwendig und hilfreich. Sie f\u00fchrt dazu, dass gegen\u00fcber den Mitb\u00fcrgern das gesamte Verfahren transparent wird und das die Interessen der Gemeinde Eichenzell bestm\u00f6glich vertreten werden\u201c so Gerhard Dehler abschlie\u00dfend.<\/p>\n","protected":false},"excerpt":{"rendered":"<div class=\"tmnf_excerpt\"><p>Die B\u00fcrgerliste Eichenzell stellt zur n\u00e4chsten Sitzung der Gemeindevertretung Eichenzell, am 26.01.2017, den Antrag im dem der Gemeindevorstand aufgefordert wird, aktiv die Interessen der\u00c2\u00a0 Gemeinde Eichenzell beim Dialogforum der Deutschen Bahn AG hinsichtlich der Trassenvarianten der Neubaustrecke Hanau-W\u00fcrzburg\/Fulda zu wahren. Die betroffenen Ortsteile Kerzell und L\u00f6schenrod sollen aktiv eingebunden werden. Eichenzell. Die B\u00fcrgerliste Eichenzell stellt &hellip;<\/p>\n<\/div>","protected":false},"author":1,"featured_media":158973,"comment_status":"closed","ping_status":"closed","sticky":false,"template":"","format":"standard","meta":{"footnotes":""},"categories":[1],"tags":[],"class_list":["post-158952","post","type-post","status-publish","format-standard","has-post-thumbnail","hentry","category-startseite"],"_links":{"self":[{"href":"https:\/\/www.fuldaernachrichten.de\/index.php?rest_route=\/wp\/v2\/posts\/158952","targetHints":{"allow":["GET"]}}],"collection":[{"href":"https:\/\/www.fuldaernachrichten.de\/index.php?rest_route=\/wp\/v2\/posts"}],"about":[{"href":"https:\/\/www.fuldaernachrichten.de\/index.php?rest_route=\/wp\/v2\/types\/post"}],"author":[{"embeddable":true,"href":"https:\/\/www.fuldaernachrichten.de\/index.php?rest_route=\/wp\/v2\/users\/1"}],"replies":[{"embeddable":true,"href":"https:\/\/www.fuldaernachrichten.de\/index.php?rest_route=%2Fwp%2Fv2%2Fcomments&post=158952"}],"version-history":[{"count":1,"href":"https:\/\/www.fuldaernachrichten.de\/index.php?rest_route=\/wp\/v2\/posts\/158952\/revisions"}],"predecessor-version":[{"id":158974,"href":"https:\/\/www.fuldaernachrichten.de\/index.php?rest_route=\/wp\/v2\/posts\/158952\/revisions\/158974"}],"wp:featuredmedia":[{"embeddable":true,"href":"https:\/\/www.fuldaernachrichten.de\/index.php?rest_route=\/wp\/v2\/media\/158973"}],"wp:attachment":[{"href":"https:\/\/www.fuldaernachrichten.de\/index.php?rest_route=%2Fwp%2Fv2%2Fmedia&parent=158952"}],"wp:term":[{"taxonomy":"category","embeddable":true,"href":"https:\/\/www.fuldaernachrichten.de\/index.php?rest_route=%2Fwp%2Fv2%2Fcategories&post=158952"},{"taxonomy":"post_tag","embeddable":true,"href":"https:\/\/www.fuldaernachrichten.de\/index.php?rest_route=%2Fwp%2Fv2%2Ftags&post=158952"}],"curies":[{"name":"wp","href":"https:\/\/api.w.org\/{rel}","templated":true}]}}