{"id":158811,"date":"2016-12-31T15:30:03","date_gmt":"2016-12-31T14:30:03","guid":{"rendered":"http:\/\/www.fuldaer-nachrichten.de\/?p=158811"},"modified":"2016-12-31T15:30:03","modified_gmt":"2016-12-31T14:30:03","slug":"neues-internetangebot-buendelt-die-vielfaeltigen-unterstuetzenden-angebote-fuer-frauen-im-laendlichen-raum","status":"publish","type":"post","link":"https:\/\/www.fuldaernachrichten.de\/?p=158811","title":{"rendered":"Neues Internetangebot b\u00fcndelt die vielf\u00e4ltigen unterst\u00fctzenden Angebote f\u00fcr Frauen im l\u00e4ndlichen Raum"},"content":{"rendered":"<p>\u201eVom Strukturwandel im l\u00e4ndlichen Raum sind viele B\u00fcrgerinnen und B\u00fcrger in Hessen betroffen. Es ist der Hessischen Landesregierung daher ein gro\u00dfes Anliegen, die wirtschaftliche und soziale Infrastruktur langfristig zu erhalten und zu st\u00e4rken \u2013 immerhin wohnen hier drei Millionen Menschen, also fast die H\u00e4lfte der Hessinnen und Hessen\u201c, sagte Staatssekret\u00e4rin Dr. Beatrix Tappeser. \u201eF\u00fcr Frauen, die im l\u00e4ndlichen Raum leben, haben wir nun die vielf\u00e4ltigen Angebote des Landes Hessen \u00fcbersichtlich auf unseren Internetseiten zusammengefasst. Das ist wichtig, denn Frauen sind heute stark gefordert, um den Anspr\u00fcchen von Beruf, Familie und Ehrenamt gerecht zu werden \u2013 gerade dort, wo es nur begrenzte Angebote der Betreuung, der Bildung oder der Mobilit\u00e4t gibt\u201c, so die Staatssekret\u00e4rin. Unterst\u00fctzt wurde das Umweltministerium\u00c2\u00a0 bei der Zusammenstellung der Informationen von den Netzwerkpartnerinnen des Arbeitskreises \u201eFrauen im l\u00e4ndlichen Raum\u201c in Hessen.<\/p>\n<p>Auf den Internetseiten werden Beratungseinrichtungen vorgestellt, die Hilfestellung f\u00fcr Frauen in unterschiedlichen Lebenssituationen leisten. Gleichzeitig wird eine Auswahl an F\u00f6rderma\u00dfnahmen vorgestellt, \u00fcber die Frauen im l\u00e4ndlichen Raum besonders effizient Unterst\u00fctzung erfahren k\u00f6nnen. \u201eWas w\u00e4re der l\u00e4ndliche Raum ohne die Tatkraft von Frauen? Sie sind unerl\u00e4sslich f\u00fcr den Erhalt funktionierender Strukturen. Ich denke an die Fortf\u00fchrung und Weiterentwicklung landwirtschaftlicher Betriebe oder ihr Engagement in unterschiedlichen Ehren\u00e4mtern, das den Zusammenhalt in der d\u00f6rflichen Gemeinschaft st\u00e4rkt\u201c, so Dr. Tappeser weiter.<\/p>\n<p>Der Entwicklungsplan f\u00fcr den l\u00e4ndlichen Raum des Landes Hessen 2014 \u2013 2020 (EPLR)<br \/>\ngreift genau dies auf. Er setzt einen Schwerpunkt auf die Gleichstellung von Frauen und M\u00e4nnern sowie die Nichtdiskriminierung. Dabei geht es zum einen um den gleichberechtigten Zugang von Frauen zu Programmen und Initiativen, und zum anderen um die Unterst\u00fctzung beim Erlernen neuer und erforderlicher Kompetenzen. Der Arbeitskreis \u201eFrauen im l\u00e4ndlichen Raum\u201c hat sich im Begleitausschuss zum EPLR formiert. Ihm geh\u00f6ren Vertreterinnen des Landfrauenverband Hessen, von Frauenb\u00fcros verschiedener Landkreise, der hessischen Kirchen und des Landesbetrieb Landwirtschaft Hessen an. \u201eDer Arbeitskreis leistet einen wichtigen Beitrag zur Unterst\u00fctzung hessischer Frauen, denn seine Mitglieder informieren, kl\u00e4ren auf und sind wichtige Ansprechpartnerinnen\u201c, sagte Dr. Tappeser.<\/p>\n<p>\u201eFrauen sind in den Gremien der Regionalentwicklung stark unterrepr\u00e4sentiert. Sie nutzen die staatlichen F\u00f6rderprogramme viel zu wenig. Dabei sind Frauen der Motor des l\u00e4ndlichen Raumes, besonders wenn es um die Zukunftsfragen wie die Daseinsvorsorge geht\u201c, f\u00fchrte Hildegard Schuster, Pr\u00e4sidentin des Landfrauenverband Hessen e.V., aus. \u201eDeshalb freue ich mich \u00fcber die neu geschaffene M\u00f6glichkeit, mit diesem Internetauftritt Frauen st\u00e4rker \u00fcber die vorhandenen F\u00f6rder- und Unterst\u00fctzungsm\u00f6glichkeiten zu informieren\u201c.<\/p>\n<p>Link zu den Internetseiten:<br \/>\nhttps:\/\/umweltministerium.hessen.de\/landwirtschaft\/laendlicher-raum\/frauen-im-laendlichen-raum<\/p>\n<p>Hintergrund:<\/p>\n<p>Fast 82 Prozent Hessens sind l\u00e4ndlich gepr\u00e4gt. Rund die H\u00e4lfte der hessischen Bev\u00f6lkerung wohnt im l\u00e4ndlichen Raum.<\/p>\n<p>Der l\u00e4ndliche Raum ist gepr\u00e4gt von landschaftlicher Sch\u00f6nheit, bietet ein festes soziales Netzwerk und zugleich f\u00fcr einen Gro\u00dfteil der hessischen Bev\u00f6lkerung zuverl\u00e4ssige und attraktive Arbeits- und Lebenswelten. Allerdings sind l\u00e4ndliche gepr\u00e4gte Gegenden auch im besonderen Ma\u00dfe vom Strukturwandel und von Abwanderungsprozessen betroffen.<\/p>\n<p>Wesentliche Herausforderungen in der laufenden F\u00f6rderperiode des EPLR 2014-2020 liegen im Informations- und Erfahrungsaustausch, dem Transfer von Kompetenzen sowie der Durchf\u00fchrung von Schulungsma\u00dfnahmen zur Entwicklung der Genderkompetenz unter Ber\u00fccksichtigung des Nichtdiskriminierungsprinzips.<\/p>\n","protected":false},"excerpt":{"rendered":"<div class=\"tmnf_excerpt\"><p>\u201eVom Strukturwandel im l\u00e4ndlichen Raum sind viele B\u00fcrgerinnen und B\u00fcrger in Hessen betroffen. Es ist der Hessischen Landesregierung daher ein gro\u00dfes Anliegen, die wirtschaftliche und soziale Infrastruktur langfristig zu erhalten und zu st\u00e4rken \u2013 immerhin wohnen hier drei Millionen Menschen, also fast die H\u00e4lfte der Hessinnen und Hessen\u201c, sagte Staatssekret\u00e4rin Dr. Beatrix Tappeser. \u201eF\u00fcr Frauen, &hellip;<\/p>\n<\/div>","protected":false},"author":1,"featured_media":0,"comment_status":"closed","ping_status":"closed","sticky":false,"template":"","format":"standard","meta":{"footnotes":""},"categories":[1],"tags":[],"class_list":["post-158811","post","type-post","status-publish","format-standard","hentry","category-startseite"],"_links":{"self":[{"href":"https:\/\/www.fuldaernachrichten.de\/index.php?rest_route=\/wp\/v2\/posts\/158811","targetHints":{"allow":["GET"]}}],"collection":[{"href":"https:\/\/www.fuldaernachrichten.de\/index.php?rest_route=\/wp\/v2\/posts"}],"about":[{"href":"https:\/\/www.fuldaernachrichten.de\/index.php?rest_route=\/wp\/v2\/types\/post"}],"author":[{"embeddable":true,"href":"https:\/\/www.fuldaernachrichten.de\/index.php?rest_route=\/wp\/v2\/users\/1"}],"replies":[{"embeddable":true,"href":"https:\/\/www.fuldaernachrichten.de\/index.php?rest_route=%2Fwp%2Fv2%2Fcomments&post=158811"}],"version-history":[{"count":1,"href":"https:\/\/www.fuldaernachrichten.de\/index.php?rest_route=\/wp\/v2\/posts\/158811\/revisions"}],"predecessor-version":[{"id":158815,"href":"https:\/\/www.fuldaernachrichten.de\/index.php?rest_route=\/wp\/v2\/posts\/158811\/revisions\/158815"}],"wp:attachment":[{"href":"https:\/\/www.fuldaernachrichten.de\/index.php?rest_route=%2Fwp%2Fv2%2Fmedia&parent=158811"}],"wp:term":[{"taxonomy":"category","embeddable":true,"href":"https:\/\/www.fuldaernachrichten.de\/index.php?rest_route=%2Fwp%2Fv2%2Fcategories&post=158811"},{"taxonomy":"post_tag","embeddable":true,"href":"https:\/\/www.fuldaernachrichten.de\/index.php?rest_route=%2Fwp%2Fv2%2Ftags&post=158811"}],"curies":[{"name":"wp","href":"https:\/\/api.w.org\/{rel}","templated":true}]}}