{"id":158784,"date":"2016-12-31T15:28:51","date_gmt":"2016-12-31T14:28:51","guid":{"rendered":"http:\/\/www.fuldaer-nachrichten.de\/?p=158784"},"modified":"2016-12-31T15:34:28","modified_gmt":"2016-12-31T14:34:28","slug":"famoser-saitenzauber-bezaubert-beim-weihnachts-gernsehen","status":"publish","type":"post","link":"https:\/\/www.fuldaernachrichten.de\/?p=158784","title":{"rendered":"Famoser Saitenzauber bezaubert beim Weihnachts-Gernsehen"},"content":{"rendered":"<p>Es ist derzeit ein hei\u00df diskutiertes Thema in der Stadt: Was wird aus dem Museumscaf\u00e9? Inzwischen wissen wir: Felix Wessling, der auch den \u201el\u00f6wen\u201c und die \u201eHeimat\u201c betreibt, hat das Museumscaf\u00e9 \u00fcbernommen und f\u00fcgt seinem Portfolio damit eins der sch\u00f6nsten Fuldaer Lokale in der Innenstadt hinzu. Doch am Mittwochabend vor Heiligabend wusste noch keiner, wie es mit dem ehemaligen Refektorium der alten Universit\u00e4t nach dem vorl\u00e4ufigen Insolvenzantrag weitergehen sollte. Daher wehte ein wenig Wehmut durch den barocken Saal, als die Entertainerin Marianne Blum verk\u00fcndete, dass sie mit dem \u201eGernsehen\u201c\u00c2\u00a0 das Museumscaf\u00e9 verl\u00e4sst und zum Jahreswechsel umzieht in den Wappensaal des Maritim. Bei diesem Umzug bleibt es auch nach dem Inhaberwechsel. Ab Januar wird die Dinner-Show-Reihe also im Maritim weitergef\u00fchrt und geht damit nach einem verflixten 7ten Jahr ihres Bestehens in ein hoffentlich ruhigeres 8te. Ruhig, nur was die \u00e4u\u00dferen Bedingungen angeht. Inhaltlich kann man sich nur w\u00fcnschen, dass die Reihe so spannend bleibt, wie sie seit ihren Anf\u00e4ngen 2010 ist.<\/p>\n<p>Das war sie auch bei dieser Ausgabe am 21.12., die alles bot, was man sich zur Weihnachtszeit nur w\u00fcnschen kann: Verzaubernde Harfenkl\u00e4nge, samtweichen Gesang, nachdenkliche Texte, aber auch lustige Geschichten und beschwingte Rhythmen. Verantwortlich f\u00fcr das musikalische Grundger\u00fcst waren: Anne Kox-Schindelin an der Konzertharfe und Stephan Schmitt an der Gitarre. Die beiden exzellenten Instrumentalisten bildeten das solide Fundament, \u00fcber das sich die S\u00e4ngerin Conny Morath erheben konnte, um das Publikum mit ihrer \u201eKaramell-Stimme\u201c zu verf\u00fchren und ins Schwelgen zu bringen. Dabei hatten die drei Profi-Musiker aus dem W\u00fcrzburger Raum beileibe nicht nur Weihnachts-Klassiker wie \u201eWinter Wonderland\u201c oder bekannte Gospels wie \u201eGo, tell it on the mountain\u201c ausgew\u00e4hlt. Pop-Perlen wie \u201eImagine\u201c, \u201eDance me to the end of love\u201c von dem k\u00fcrzlich verstorbenen Leonard Cohen oder der \u00f6sterreichische Pop-Schlager \u201eIrgendwann bleib i dann dort\u201c erg\u00e4nzten das Repertoire und wirkten bei aller thematischen Ferne durchaus weihnachtlich-besinnlich. Das Tolle war aber vor allem: So wie der \u201eFamose Saitenzauber\u201c die Musik darbot, klangen alle St\u00fccke authentisch und wie f\u00fcr das Trio geschrieben. Das galt sogar f\u00fcr einen L\u00e4ndler, der zun\u00e4chst ganz im Stubenmusik-Stil von der Harfe begonnen wurde und dann von der Slide-Guitar mit einem Schuss wilder Westen versehen wurde.<\/p>\n<p>Originalgetreu wurde es, als die Harfenistin im letzten Set die Filmmusik von \u201e3 N\u00fcsse f\u00fcr Aschenbr\u00f6del\u201c anstimmte.\u00c2\u00a0 Man meinte f\u00f6rmlich ein seliges Seufzen an den Zuschauertischen zu h\u00f6ren. Nach dieser nostalgischen Einstimmung wurde es jedoch nochmal richtig lustig mit dem interaktiven H\u00f6rspiel \u201e3 N\u00fcsse f\u00fcr Hermann\u201c. An die 15 Zuschauer bekamen dabei Sprech- und Ger\u00e4usch-Rollen wie \u201eHandy-Klingeln\u201c oder \u201edefekte Heizung\u201c\u00c2\u00a0 und der ganze Saal machte mit als \u201eWind\u201c oder \u201eWolfsrudel\u201c. Ein gro\u00dfer Spa\u00df, dem das Trio \u201eFamoser Saitenzauber\u201c schlie\u00dflich noch einen musikalischen H\u00f6hepunkt mit dem gemeinsam mit Marianne Blum performten \u201eSchlaflied\u201c von Max Raabe hinzuf\u00fcgte. Das kam so gut an, dass sich die K\u00fcnstler erst nach 2 Zugaben in den vorweihnachtlichen Feierabend verabschieden konnten. Das Publikum verlie\u00df das Museumscaf\u00e9 beseelt, nicht ohne die weihnachtliche Hoffnung, beim Gernsehen bald wieder mit solch sch\u00f6nen Kl\u00e4ngen verw\u00f6hnt zu werden.<\/p>\n","protected":false},"excerpt":{"rendered":"<div class=\"tmnf_excerpt\"><p>Es ist derzeit ein hei\u00df diskutiertes Thema in der Stadt: Was wird aus dem Museumscaf\u00e9? Inzwischen wissen wir: Felix Wessling, der auch den \u201el\u00f6wen\u201c und die \u201eHeimat\u201c betreibt, hat das Museumscaf\u00e9 \u00fcbernommen und f\u00fcgt seinem Portfolio damit eins der sch\u00f6nsten Fuldaer Lokale in der Innenstadt hinzu. Doch am Mittwochabend vor Heiligabend wusste noch keiner, wie &hellip;<\/p>\n<\/div>","protected":false},"author":1,"featured_media":158794,"comment_status":"closed","ping_status":"closed","sticky":false,"template":"","format":"gallery","meta":{"footnotes":""},"categories":[1],"tags":[],"class_list":["post-158784","post","type-post","status-publish","format-gallery","has-post-thumbnail","hentry","category-startseite","post_format-post-format-gallery"],"_links":{"self":[{"href":"https:\/\/www.fuldaernachrichten.de\/index.php?rest_route=\/wp\/v2\/posts\/158784","targetHints":{"allow":["GET"]}}],"collection":[{"href":"https:\/\/www.fuldaernachrichten.de\/index.php?rest_route=\/wp\/v2\/posts"}],"about":[{"href":"https:\/\/www.fuldaernachrichten.de\/index.php?rest_route=\/wp\/v2\/types\/post"}],"author":[{"embeddable":true,"href":"https:\/\/www.fuldaernachrichten.de\/index.php?rest_route=\/wp\/v2\/users\/1"}],"replies":[{"embeddable":true,"href":"https:\/\/www.fuldaernachrichten.de\/index.php?rest_route=%2Fwp%2Fv2%2Fcomments&post=158784"}],"version-history":[{"count":1,"href":"https:\/\/www.fuldaernachrichten.de\/index.php?rest_route=\/wp\/v2\/posts\/158784\/revisions"}],"predecessor-version":[{"id":158806,"href":"https:\/\/www.fuldaernachrichten.de\/index.php?rest_route=\/wp\/v2\/posts\/158784\/revisions\/158806"}],"wp:featuredmedia":[{"embeddable":true,"href":"https:\/\/www.fuldaernachrichten.de\/index.php?rest_route=\/wp\/v2\/media\/158794"}],"wp:attachment":[{"href":"https:\/\/www.fuldaernachrichten.de\/index.php?rest_route=%2Fwp%2Fv2%2Fmedia&parent=158784"}],"wp:term":[{"taxonomy":"category","embeddable":true,"href":"https:\/\/www.fuldaernachrichten.de\/index.php?rest_route=%2Fwp%2Fv2%2Fcategories&post=158784"},{"taxonomy":"post_tag","embeddable":true,"href":"https:\/\/www.fuldaernachrichten.de\/index.php?rest_route=%2Fwp%2Fv2%2Ftags&post=158784"}],"curies":[{"name":"wp","href":"https:\/\/api.w.org\/{rel}","templated":true}]}}