{"id":158783,"date":"2016-12-31T15:27:38","date_gmt":"2016-12-31T14:27:38","guid":{"rendered":"http:\/\/www.fuldaer-nachrichten.de\/?p=158783"},"modified":"2016-12-31T15:27:38","modified_gmt":"2016-12-31T14:27:38","slug":"verein-soll-staedtepartnerschaft-weiter-entwickeln-und-auf-breitere-basis-stellen","status":"publish","type":"post","link":"https:\/\/www.fuldaernachrichten.de\/?p=158783","title":{"rendered":"Verein soll St\u00e4dtepartnerschaft weiter entwickeln und auf breitere Basis stellen"},"content":{"rendered":"<p>Die historisch enge Verbindung zwischen Fulda und Dokkum soll auf eine noch breitere Basis in der B\u00fcrgerschaft gestellt werden. Fuldas OB Dr. Heiko Wingenfeld sieht hierzu eine M\u00f6glichkeit in der Gr\u00fcndung eines Partnerschaftsvereins. Am 5. Juni, dem Fest des heiligen Bonifatius, soll es soweit sein. Dann l\u00e4dt die Stadt um 14.30 Uhr zur offiziellen Gr\u00fcndungsversammlung des Partnerschaftsvereins St. Bonifatius Fulda-Dokkum in den Marmorsaal ein. Die Basis f\u00fcr die Vereinsgr\u00fcndung in Form einer Satzung steht bereits.<\/p>\n<p>Gut vorangekommen<\/p>\n<p>\u201eIch freue mich sehr, dass wir so gut und z\u00fcgig mit dieser Idee vorangekommen sind\u201c, betonte Wingenfeld bei einem Treffen mit Initiatoren der Vereinsgr\u00fcndung, darunter Dieter und Veronika Wagner, Generalvikar Prof. Gerhard Stanke, Dekan Bengt Seeberg, Stadtpfarrer Stefan Bu\u00df sowie Frank Post vom Generalvikariat, in dessen Verlauf der Satzungsentwurf er\u00f6rtert und in die endg\u00fcltige Form gebracht werden konnte. Fuldas Oberb\u00fcrgermeister selbst hatte von seinem Antrittsbesuch in der niederl\u00e4ndischen Partnerstadt im Fr\u00fchjahr viele positive Eindr\u00fccke mit nach Hause genommen. \u201eIch war begeistert von Dokkum, von der Herzlichkeit der Menschen und der Gastfreundschaft, mit der wir aufgenommen worden sind.\u201c Viele Perspektiven, beispielsweise auf der Ebene des Sch\u00fcleraustauschs, lie\u00dfen sich noch weiter entwickeln\u00c2\u00a0 und b\u00f6ten Interessierten gute Gr\u00fcnde, um sich in die k\u00fcnftige Vereinsarbeit einzubringen. Das Bistum Fulda pflegt bereits seit den 20er Jahren des letzten Jahrhunderts einen kontinuierlichen Austausch mit der nordostfriesischen Partnerstadt dank der historischen Verbindung durch den heiligen Bonifatius. \u201eDiesen Faden der Tradition wollen wir gerne aufgreifen und durch die Arbeit des neuen Vereins intensivieren\u201c, bekr\u00e4ftigte Wingenfeld, der unter den Fuldaern auf rege Resonanz bei der Gr\u00fcndungsversammlung und auch dar\u00fcber hinaus hofft.<\/p>\n<p>Informationen zu Dokkum:<\/p>\n<p>Dokkum, das Herz der friesischen Gro\u00dfgemeinde\u00c2\u00a0 Dongeradeel, das 28 D\u00f6rfer mit rund 30.000 Einwohnern umfasst, liegt im Nordosten der Niederlande. Nicht weit vom Meer entfernt. Und um genau zu sein: Dokkum ist Teil Frieslands, einer reizvollen, park\u00e4hnlichen, immer gr\u00fcnen Landschaft mit einem selbstbewussten Menschenschlag, der gro\u00dfen Wert auf Tradition und Gastfreundschaft legt. G\u00e4ste k\u00f6nnen sich hier zu Hause f\u00fchlen. Insbesondere das Freundschaftskomitee Dokkum-Fulda um den Vorsitzenden Fokko Visser mit Tjeerd Jorna und Rudolf Boersma pflegt mit viel Engagement die wechselseitigen Kontakte. Nach Kr\u00e4ften wird es von Rathauschefin Marga Waanders unterst\u00fctzt, die den Besuchern ihrer Heimat gerne zeigen m\u00f6chte, \u201cwie sch\u00f6n Dokkum und Nordostfriesland wirklich ist.\u201c<\/p>\n<p>Verehrter Kirchenmann<\/p>\n<p>Mit Bonifatius aber hat Dokkum einen ganz besonderen Ankn\u00fcpfungspunkt zu den osthessischen Partnern. In Friesland, soll der gro\u00dfe Heilige auf seiner letzten Missionsreise 754 den M\u00e4rtyrertod gestorben sein. Daraus hat sich schon sehr fr\u00fch eine Wallfahrttradition entwickelt. Obwohl das Herz Nordostfrieslands heute fast \u00fcberwiegend protestantisch gepr\u00e4gt ist, haben Wallfahrten wieder an Bedeutung gewonnen. Bis zu 20.000 Pilger kommen j\u00e4hrlich in die aus Resten friesischer Kl\u00f6ster gebaute Kapelle. Selbst ein erfolgreiches Musical haben die Dokkumer dem gemeinsam verehrten Kirchenmann gewidmet.<\/p>\n<p>v.l.n.r.: Dekan Bengt Seeberg, Stadtpfarrer Stefan Bu\u00df, Oberb\u00fcrgermeister Dr. Heiko Wingenfeld, Veronika Wagner, Prof. Dieter Wagner, Frank Post<\/p>\n","protected":false},"excerpt":{"rendered":"<div class=\"tmnf_excerpt\"><p>Die historisch enge Verbindung zwischen Fulda und Dokkum soll auf eine noch breitere Basis in der B\u00fcrgerschaft gestellt werden. Fuldas OB Dr. Heiko Wingenfeld sieht hierzu eine M\u00f6glichkeit in der Gr\u00fcndung eines Partnerschaftsvereins. Am 5. Juni, dem Fest des heiligen Bonifatius, soll es soweit sein. Dann l\u00e4dt die Stadt um 14.30 Uhr zur offiziellen Gr\u00fcndungsversammlung &hellip;<\/p>\n<\/div>","protected":false},"author":1,"featured_media":158787,"comment_status":"closed","ping_status":"closed","sticky":false,"template":"","format":"standard","meta":{"footnotes":""},"categories":[1],"tags":[],"class_list":["post-158783","post","type-post","status-publish","format-standard","has-post-thumbnail","hentry","category-startseite"],"_links":{"self":[{"href":"https:\/\/www.fuldaernachrichten.de\/index.php?rest_route=\/wp\/v2\/posts\/158783","targetHints":{"allow":["GET"]}}],"collection":[{"href":"https:\/\/www.fuldaernachrichten.de\/index.php?rest_route=\/wp\/v2\/posts"}],"about":[{"href":"https:\/\/www.fuldaernachrichten.de\/index.php?rest_route=\/wp\/v2\/types\/post"}],"author":[{"embeddable":true,"href":"https:\/\/www.fuldaernachrichten.de\/index.php?rest_route=\/wp\/v2\/users\/1"}],"replies":[{"embeddable":true,"href":"https:\/\/www.fuldaernachrichten.de\/index.php?rest_route=%2Fwp%2Fv2%2Fcomments&post=158783"}],"version-history":[{"count":1,"href":"https:\/\/www.fuldaernachrichten.de\/index.php?rest_route=\/wp\/v2\/posts\/158783\/revisions"}],"predecessor-version":[{"id":158788,"href":"https:\/\/www.fuldaernachrichten.de\/index.php?rest_route=\/wp\/v2\/posts\/158783\/revisions\/158788"}],"wp:featuredmedia":[{"embeddable":true,"href":"https:\/\/www.fuldaernachrichten.de\/index.php?rest_route=\/wp\/v2\/media\/158787"}],"wp:attachment":[{"href":"https:\/\/www.fuldaernachrichten.de\/index.php?rest_route=%2Fwp%2Fv2%2Fmedia&parent=158783"}],"wp:term":[{"taxonomy":"category","embeddable":true,"href":"https:\/\/www.fuldaernachrichten.de\/index.php?rest_route=%2Fwp%2Fv2%2Fcategories&post=158783"},{"taxonomy":"post_tag","embeddable":true,"href":"https:\/\/www.fuldaernachrichten.de\/index.php?rest_route=%2Fwp%2Fv2%2Ftags&post=158783"}],"curies":[{"name":"wp","href":"https:\/\/api.w.org\/{rel}","templated":true}]}}